{"id":37633,"date":"2022-07-30T11:50:44","date_gmt":"2022-07-30T14:50:44","guid":{"rendered":"http:\/\/www.almargenweb.com.ar\/web\/?p=37633"},"modified":"2022-07-30T11:50:46","modified_gmt":"2022-07-30T14:50:46","slug":"viruela-del-mono-en-argentina-confirman-el-primer-caso-en-santa-fe-y-ya-son-19-en-el-pais","status":"publish","type":"post","link":"https:\/\/www.almargenweb.com.ar\/web\/viruela-del-mono-en-argentina-confirman-el-primer-caso-en-santa-fe-y-ya-son-19-en-el-pais\/","title":{"rendered":"Viruela del mono en Argentina: confirman el primer caso en Santa Fe y ya son 19 en el pa\u00eds"},"content":{"rendered":"\n<p>El primer caso de viruela del mono en Santa Fe fue confirmado este jueves por las autoridades sanitarias de la provincia, que detallaron que &#8220;se trata de un paciente con antecedente de viaje y que registra un contacto con un caso positivo en otro pa\u00eds&#8221;.<\/p>\n\n\n\n<p>El Ministerio de Salud precis\u00f3 que &#8220;ante el inicio de s\u00edntomas, el 24 de julio, la persona asisti\u00f3 a un efector privado y, ante la sospecha de un posible caso de viruela s\u00edmica, se remitieron las muestras al Instituto Malbr\u00e1n&#8221;, donde &#8220;hoy se confirm\u00f3 el diagn\u00f3stico positivo&#8221;.<\/p>\n\n\n\n<p>El Ministerio de Salud de Naci\u00f3n hab\u00eda confirmado 13 casos de viruela del mono hasta el 14 de julio, de los cuales 12 presentaron antecedentes de viaje previo al inicio de los s\u00edntomas.<\/p>\n\n\n\n<p>La viruela del mono es una enfermedad viral contagiosa, causada por el virus de la viruela s\u00edmica, que se transmite de animales a humanos y tambi\u00e9n de una persona a otra por contacto con la erupci\u00f3n o lesiones que se producen en la piel de la persona enferma, los l\u00edquidos corporales (como la saliva, y el l\u00edquido, pus o sangre de lesiones cut\u00e1neas), y las costras que se forman luego.<\/p>\n\n\n\n<p>El per\u00edodo de incubaci\u00f3n de la viruela del simio suele ser de 6 a 13 d\u00edas, pero puede oscilar entre 5 y 21 d\u00edas. La enfermedad a menudo es autolimitada y los s\u00edntomas generalmente se resuelven espont\u00e1neamente dentro de los 14 a 21 d\u00edas.<\/p>\n\n\n\n<p>La principal medida de prevenci\u00f3n es evitar el contacto cercano con personas que hayan confirmado tener la infecci\u00f3n o con personas que tengan s\u00edntomas compatibles.<\/p>\n\n\n\n<p> Evitar el contacto cercano con personas con s\u00edntomas compatibles con una posible infecci\u00f3n de viruela del mono, y no compartir con ellas art\u00edculos personales, como utensilios, s\u00e1banas y toallas. En presencia de personas con s\u00edntomas, mantener distancia y utilizar barbijo.<\/p>\n<!-- AddThis Advanced Settings generic via filter on the_content --><!-- AddThis Share Buttons generic via filter on the_content -->","protected":false},"excerpt":{"rendered":"<p>El primer caso de viruela del mono en Santa Fe fue confirmado este jueves por las [&hellip;]<!-- AddThis Advanced Settings generic via filter on get_the_excerpt --><!-- AddThis Share Buttons generic via filter on get_the_excerpt --><\/p>\n","protected":false},"author":16,"featured_media":37635,"comment_status":"open","ping_status":"open","sticky":false,"template":"","format":"standard","meta":{"_seopress_robots_primary_cat":"none","_seopress_titles_title":"","_seopress_titles_desc":"","_seopress_robots_index":"","_themeisle_gutenberg_block_has_review":false,"footnotes":""},"categories":[2,164,47,140,15],"tags":[],"class_list":["post-37633","post","type-post","status-publish","format-standard","has-post-thumbnail","hentry","category-actualidad","category-ambiente","category-locales","category-nacionales","category-salud"],"_links":{"self":[{"href":"https:\/\/www.almargenweb.com.ar\/web\/wp-json\/wp\/v2\/posts\/37633","targetHints":{"allow":["GET"]}}],"collection":[{"href":"https:\/\/www.almargenweb.com.ar\/web\/wp-json\/wp\/v2\/posts"}],"about":[{"href":"https:\/\/www.almargenweb.com.ar\/web\/wp-json\/wp\/v2\/types\/post"}],"author":[{"embeddable":true,"href":"https:\/\/www.almargenweb.com.ar\/web\/wp-json\/wp\/v2\/users\/16"}],"replies":[{"embeddable":true,"href":"https:\/\/www.almargenweb.com.ar\/web\/wp-json\/wp\/v2\/comments?post=37633"}],"version-history":[{"count":1,"href":"https:\/\/www.almargenweb.com.ar\/web\/wp-json\/wp\/v2\/posts\/37633\/revisions"}],"predecessor-version":[{"id":37636,"href":"https:\/\/www.almargenweb.com.ar\/web\/wp-json\/wp\/v2\/posts\/37633\/revisions\/37636"}],"wp:featuredmedia":[{"embeddable":true,"href":"https:\/\/www.almargenweb.com.ar\/web\/wp-json\/wp\/v2\/media\/37635"}],"wp:attachment":[{"href":"https:\/\/www.almargenweb.com.ar\/web\/wp-json\/wp\/v2\/media?parent=37633"}],"wp:term":[{"taxonomy":"category","embeddable":true,"href":"https:\/\/www.almargenweb.com.ar\/web\/wp-json\/wp\/v2\/categories?post=37633"},{"taxonomy":"post_tag","embeddable":true,"href":"https:\/\/www.almargenweb.com.ar\/web\/wp-json\/wp\/v2\/tags?post=37633"}],"curies":[{"name":"wp","href":"https:\/\/api.w.org\/{rel}","templated":true}]}}