{"id":37587,"date":"2022-07-15T17:24:56","date_gmt":"2022-07-15T20:24:56","guid":{"rendered":"http:\/\/www.almargenweb.com.ar\/web\/?p=37587"},"modified":"2022-07-15T17:24:57","modified_gmt":"2022-07-15T20:24:57","slug":"subsidios-de-luz-y-gas-epe-explico-como-anotarse-al-registro-para-mantener-el-subsidio-a-la-energia-eletrica","status":"publish","type":"post","link":"https:\/\/www.almargenweb.com.ar\/web\/subsidios-de-luz-y-gas-epe-explico-como-anotarse-al-registro-para-mantener-el-subsidio-a-la-energia-eletrica\/","title":{"rendered":"Subsidios de luz y gas: EPE explic\u00f3 c\u00f3mo anotarse al registro para mantener el subsidio a la energ\u00eda el\u00e9trica"},"content":{"rendered":"\n<p>A partir de este viernes, est\u00e1 disponible el formulario para la inscripci\u00f3n al Registro de Acceso a los Subsidios de Energ\u00eda (RASE). Deber\u00e1n ingresar al sitio web <a href=\"http:\/\/www. argentina.gob.ar\/subsidios\" data-type=\"URL\" data-id=\"www. argentina.gob.ar\/subsidios\">www. argentina.gob.ar\/subsidios <\/a>todas aquellas personas que deban recibir el subsidio por estar incluidos en los grupos contemplados por el Gobierno Nacional.<\/p>\n\n\n\n<p>Al respecto, la Empresa Provincial de la Energ\u00eda (EPE) brind\u00f3 detalles de los t\u00e9rminos del decreto nacional 332\/22, para la aplicaci\u00f3n de los subsidios con criterios de mayor justicia y equidad en funci\u00f3n de la capacidad de pago del hogar.<\/p>\n\n\n\n<p>Tambi\u00e9n se puede acceder al formularios desde la aplicaci\u00f3n Mi Argentina y la web de la Empresa Provincial de la Energ\u00eda <a href=\"http:\/\/www.epe.santafe.gov.ar\">http:\/\/www.epe.santafe.gov.ar<\/a><\/p>\n\n\n\n<p>La informaci\u00f3n aportada funcionar\u00e1 como una declaraci\u00f3n jurada. Los datos que se deber\u00e1n completar incluyen:<\/p>\n\n\n\n<ul class=\"wp-block-list\"><li>Nombre y apellido. &#8211; Documento Nacional de Identidad. &#8211; N\u00famero de tr\u00e1mite del DNI. &#8211; CUIL. &#8211; G\u00e9nero. &#8211; Fecha de nacimiento. &#8211; Datos socioecon\u00f3micos. &#8211; Situaci\u00f3n laboral. &#8211; Datos de contacto. &#8211; Domicilio declarado por el usuario. &#8211; C\u00f3digo postal. &#8211; Relaci\u00f3n con el domicilio. &#8211; Datos de los servicios de luz y gas. &#8211; Datos del grupo conviviente.<\/li><\/ul>\n\n\n\n<p>En la boleta de la EPE figura toda la informaci\u00f3n que cada cliente debe cargar en el sistema para pedir la continuidad de los subsidios a las tarifas el\u00e9ctricas.<\/p>\n<!-- AddThis Advanced Settings generic via filter on the_content --><!-- AddThis Share Buttons generic via filter on the_content -->","protected":false},"excerpt":{"rendered":"<p>A partir de este viernes, est\u00e1 disponible el formulario para la inscripci\u00f3n al Registro de Acceso [&hellip;]<!-- AddThis Advanced Settings generic via filter on get_the_excerpt --><!-- AddThis Share Buttons generic via filter on get_the_excerpt --><\/p>\n","protected":false},"author":16,"featured_media":37589,"comment_status":"open","ping_status":"open","sticky":false,"template":"","format":"standard","meta":{"_seopress_robots_primary_cat":"none","_seopress_titles_title":"","_seopress_titles_desc":"","_seopress_robots_index":"","_themeisle_gutenberg_block_has_review":false,"footnotes":""},"categories":[2,164,5,47,140,9],"tags":[],"class_list":["post-37587","post","type-post","status-publish","format-standard","has-post-thumbnail","hentry","category-actualidad","category-ambiente","category-economia","category-locales","category-nacionales","category-politica"],"_links":{"self":[{"href":"https:\/\/www.almargenweb.com.ar\/web\/wp-json\/wp\/v2\/posts\/37587","targetHints":{"allow":["GET"]}}],"collection":[{"href":"https:\/\/www.almargenweb.com.ar\/web\/wp-json\/wp\/v2\/posts"}],"about":[{"href":"https:\/\/www.almargenweb.com.ar\/web\/wp-json\/wp\/v2\/types\/post"}],"author":[{"embeddable":true,"href":"https:\/\/www.almargenweb.com.ar\/web\/wp-json\/wp\/v2\/users\/16"}],"replies":[{"embeddable":true,"href":"https:\/\/www.almargenweb.com.ar\/web\/wp-json\/wp\/v2\/comments?post=37587"}],"version-history":[{"count":1,"href":"https:\/\/www.almargenweb.com.ar\/web\/wp-json\/wp\/v2\/posts\/37587\/revisions"}],"predecessor-version":[{"id":37590,"href":"https:\/\/www.almargenweb.com.ar\/web\/wp-json\/wp\/v2\/posts\/37587\/revisions\/37590"}],"wp:featuredmedia":[{"embeddable":true,"href":"https:\/\/www.almargenweb.com.ar\/web\/wp-json\/wp\/v2\/media\/37589"}],"wp:attachment":[{"href":"https:\/\/www.almargenweb.com.ar\/web\/wp-json\/wp\/v2\/media?parent=37587"}],"wp:term":[{"taxonomy":"category","embeddable":true,"href":"https:\/\/www.almargenweb.com.ar\/web\/wp-json\/wp\/v2\/categories?post=37587"},{"taxonomy":"post_tag","embeddable":true,"href":"https:\/\/www.almargenweb.com.ar\/web\/wp-json\/wp\/v2\/tags?post=37587"}],"curies":[{"name":"wp","href":"https:\/\/api.w.org\/{rel}","templated":true}]}}