{"id":37569,"date":"2022-07-13T13:50:04","date_gmt":"2022-07-13T16:50:04","guid":{"rendered":"http:\/\/www.almargenweb.com.ar\/web\/?p=37569"},"modified":"2022-07-13T13:50:05","modified_gmt":"2022-07-13T16:50:05","slug":"aseguran-que-la-falta-de-materiales-complica-al-sector-de-la-construccion","status":"publish","type":"post","link":"https:\/\/www.almargenweb.com.ar\/web\/aseguran-que-la-falta-de-materiales-complica-al-sector-de-la-construccion\/","title":{"rendered":"Aseguran que la falta de materiales complica al sector de la construcci\u00f3n"},"content":{"rendered":"\n<p>Las medidas econ\u00f3micas recientemente anunciadas por la nueva ministra de Econom\u00eda y la incertidumbre en torno al d\u00f3lar, afectan a distintos sectores, entre ellos al de la construcci\u00f3n.<\/p>\n\n\n\n<p>Las complicaciones no solo llegan a las obras p\u00fablicas, tambi\u00e9n alcanzan a quienes edifican viviendas que estiman que deber\u00e1n absorber gastos extras para no subir demasiado el valor en venta de las unidades que actualmente est\u00e1n en obras.<\/p>\n\n\n\n<p>La falta insumos a nivel global por la crisis que genera una invasi\u00f3n prolongada y compleja como la de Rusia a Ucrania atada a procesos inflacionarios en nuestra econom\u00eda, que atraviesa una importante crisis.<\/p>\n\n\n\n<p><\/p>\n<!-- AddThis Advanced Settings generic via filter on the_content --><!-- AddThis Share Buttons generic via filter on the_content -->","protected":false},"excerpt":{"rendered":"<p>Las medidas econ\u00f3micas recientemente anunciadas por la nueva ministra de Econom\u00eda y la incertidumbre en torno [&hellip;]<!-- AddThis Advanced Settings generic via filter on get_the_excerpt --><!-- AddThis Share Buttons generic via filter on get_the_excerpt --><\/p>\n","protected":false},"author":16,"featured_media":37571,"comment_status":"open","ping_status":"open","sticky":false,"template":"","format":"standard","meta":{"_seopress_robots_primary_cat":"none","_seopress_titles_title":"","_seopress_titles_desc":"","_seopress_robots_index":"","_themeisle_gutenberg_block_has_review":false,"footnotes":""},"categories":[2,164,5],"tags":[],"class_list":["post-37569","post","type-post","status-publish","format-standard","has-post-thumbnail","hentry","category-actualidad","category-ambiente","category-economia"],"_links":{"self":[{"href":"https:\/\/www.almargenweb.com.ar\/web\/wp-json\/wp\/v2\/posts\/37569","targetHints":{"allow":["GET"]}}],"collection":[{"href":"https:\/\/www.almargenweb.com.ar\/web\/wp-json\/wp\/v2\/posts"}],"about":[{"href":"https:\/\/www.almargenweb.com.ar\/web\/wp-json\/wp\/v2\/types\/post"}],"author":[{"embeddable":true,"href":"https:\/\/www.almargenweb.com.ar\/web\/wp-json\/wp\/v2\/users\/16"}],"replies":[{"embeddable":true,"href":"https:\/\/www.almargenweb.com.ar\/web\/wp-json\/wp\/v2\/comments?post=37569"}],"version-history":[{"count":1,"href":"https:\/\/www.almargenweb.com.ar\/web\/wp-json\/wp\/v2\/posts\/37569\/revisions"}],"predecessor-version":[{"id":37572,"href":"https:\/\/www.almargenweb.com.ar\/web\/wp-json\/wp\/v2\/posts\/37569\/revisions\/37572"}],"wp:featuredmedia":[{"embeddable":true,"href":"https:\/\/www.almargenweb.com.ar\/web\/wp-json\/wp\/v2\/media\/37571"}],"wp:attachment":[{"href":"https:\/\/www.almargenweb.com.ar\/web\/wp-json\/wp\/v2\/media?parent=37569"}],"wp:term":[{"taxonomy":"category","embeddable":true,"href":"https:\/\/www.almargenweb.com.ar\/web\/wp-json\/wp\/v2\/categories?post=37569"},{"taxonomy":"post_tag","embeddable":true,"href":"https:\/\/www.almargenweb.com.ar\/web\/wp-json\/wp\/v2\/tags?post=37569"}],"curies":[{"name":"wp","href":"https:\/\/api.w.org\/{rel}","templated":true}]}}