{"id":37560,"date":"2022-07-12T11:03:05","date_gmt":"2022-07-12T14:03:05","guid":{"rendered":"http:\/\/www.almargenweb.com.ar\/web\/?p=37560"},"modified":"2022-07-12T11:03:06","modified_gmt":"2022-07-12T14:03:06","slug":"muller-reafirmo-la-viavilidad-del-proyecto-que-promete-generar-200-viviendas","status":"publish","type":"post","link":"https:\/\/www.almargenweb.com.ar\/web\/muller-reafirmo-la-viavilidad-del-proyecto-que-promete-generar-200-viviendas\/","title":{"rendered":"M\u00fcller reafirm\u00f3 la viavilidad del proyecto que promete generar 200 viviendas"},"content":{"rendered":"\n<p>El concejal Rodrigo M\u00fcller reafirm\u00f3 la viabilidad y sostenibilidad de su proyecto para generar 200 soluciones habitacionales para las familias esperancinas y remarc\u00f3 que \u201cde esta forma vamos a realizar lo que en 15 a\u00f1os no se hizo\u201d.<\/p>\n\n\n\n<p>Al respecto, el referente radical explic\u00f3 que \u201cel proyecto permitir\u00e1 avanzar en un plan de vivienda municipal sostenido, que hoy el Municipio no posee, y con el tiempo iremos reduciendo el d\u00e9ficit que en esta materia ocurre en Esperanza\u201d.<\/p>\n\n\n\n<p>Adem\u00e1s, el concejal agreg\u00f3 que su iniciativa busca \u201clograr m\u00e1s oportunidades de vivienda para las familias esperancinas\u201d debido a que \u201cno es suficiente lo que hace el gobierno municipal\u201d.<\/p>\n\n\n\n<p>Mediante la aplicaci\u00f3n del proyecto, Esperanza volver\u00e1 a tener oportunidades en materia de acceso al lote y a la vivienda y \u201clos fen\u00f3menos que sucedieron en los \u00faltimos a\u00f1os como que localidades lindantes como Pujato funcionen como una ciudad dormitorio dejaran de serlo\u201d.<\/p>\n\n\n\n<p>\u201cLo mismo sucede con los asentamientos que son producto de la ausencia de pol\u00edticas de h\u00e1bitat y, para evitarlos, hay que tener la decisi\u00f3n pol\u00edtica de colocar al h\u00e1bitat como una prioridad\u201d, a\u00f1adi\u00f3 M\u00fcller.<\/p>\n\n\n\n<p>En \u00e9se sentido, el edil remarc\u00f3 que \u201cvivir en un hogar digno es un derecho de todas las personas y este proyecto no son solo intenciones, est\u00e1 desarrollado sobre acciones y medidas concretas\u201d.<\/p>\n\n\n\n<p>Finalmente, el concejal invit\u00f3 a las familias esperancinas que deseen comunicarse para organizar reuniones explicativas del proyecto de acceso a la vivienda y al lote lo hagan ingresando al siguiente <a href=\"https:\/\/www.almargenweb.com.ar\/web\/?page_id=37562\" data-type=\"page\" data-id=\"37562\">link. https:\/\/forms.gle\/f6K52Dy1VSuv<\/a><\/p>\n<!-- AddThis Advanced Settings generic via filter on the_content --><!-- AddThis Share Buttons generic via filter on the_content -->","protected":false},"excerpt":{"rendered":"<p>El concejal Rodrigo M\u00fcller reafirm\u00f3 la viabilidad y sostenibilidad de su proyecto para generar 200 soluciones [&hellip;]<!-- AddThis Advanced Settings generic via filter on get_the_excerpt --><!-- AddThis Share Buttons generic via filter on get_the_excerpt --><\/p>\n","protected":false},"author":16,"featured_media":37563,"comment_status":"open","ping_status":"open","sticky":false,"template":"","format":"standard","meta":{"_seopress_robots_primary_cat":"none","_seopress_titles_title":"","_seopress_titles_desc":"","_seopress_robots_index":"","_themeisle_gutenberg_block_has_review":false,"footnotes":""},"categories":[2,164,21,47],"tags":[],"class_list":["post-37560","post","type-post","status-publish","format-standard","has-post-thumbnail","hentry","category-actualidad","category-ambiente","category-las-colonias","category-locales"],"_links":{"self":[{"href":"https:\/\/www.almargenweb.com.ar\/web\/wp-json\/wp\/v2\/posts\/37560","targetHints":{"allow":["GET"]}}],"collection":[{"href":"https:\/\/www.almargenweb.com.ar\/web\/wp-json\/wp\/v2\/posts"}],"about":[{"href":"https:\/\/www.almargenweb.com.ar\/web\/wp-json\/wp\/v2\/types\/post"}],"author":[{"embeddable":true,"href":"https:\/\/www.almargenweb.com.ar\/web\/wp-json\/wp\/v2\/users\/16"}],"replies":[{"embeddable":true,"href":"https:\/\/www.almargenweb.com.ar\/web\/wp-json\/wp\/v2\/comments?post=37560"}],"version-history":[{"count":1,"href":"https:\/\/www.almargenweb.com.ar\/web\/wp-json\/wp\/v2\/posts\/37560\/revisions"}],"predecessor-version":[{"id":37564,"href":"https:\/\/www.almargenweb.com.ar\/web\/wp-json\/wp\/v2\/posts\/37560\/revisions\/37564"}],"wp:featuredmedia":[{"embeddable":true,"href":"https:\/\/www.almargenweb.com.ar\/web\/wp-json\/wp\/v2\/media\/37563"}],"wp:attachment":[{"href":"https:\/\/www.almargenweb.com.ar\/web\/wp-json\/wp\/v2\/media?parent=37560"}],"wp:term":[{"taxonomy":"category","embeddable":true,"href":"https:\/\/www.almargenweb.com.ar\/web\/wp-json\/wp\/v2\/categories?post=37560"},{"taxonomy":"post_tag","embeddable":true,"href":"https:\/\/www.almargenweb.com.ar\/web\/wp-json\/wp\/v2\/tags?post=37560"}],"curies":[{"name":"wp","href":"https:\/\/api.w.org\/{rel}","templated":true}]}}