{"id":37552,"date":"2022-07-10T14:06:38","date_gmt":"2022-07-10T17:06:38","guid":{"rendered":"http:\/\/www.almargenweb.com.ar\/web\/?p=37552"},"modified":"2022-07-10T14:06:39","modified_gmt":"2022-07-10T17:06:39","slug":"un-domingo-de-calor-atipico-en-pleno-invierno-que-se-encuentra-bajo-alerta-amarilla-por-tormentas","status":"publish","type":"post","link":"https:\/\/www.almargenweb.com.ar\/web\/un-domingo-de-calor-atipico-en-pleno-invierno-que-se-encuentra-bajo-alerta-amarilla-por-tormentas\/","title":{"rendered":"Un domingo de calor at\u00edpico en pleno invierno que se encuentra bajo alerta amarilla por tormentas"},"content":{"rendered":"\n<p>En un domingo invernal at\u00edpico, la temperatura escal\u00f3 a niveles impensados para los dias de julio. En una jornada de invierno, la m\u00e1xima lleg\u00f3 a 27\u00b0 este s\u00e1bado y para hoy, la temperatura rondar\u00e1 los 23\u00b0.<\/p>\n\n\n\n<p>Hacia el lunes, las condiciones ser\u00e1n inestables con probables lluvias y algunas tormentas aisladas en las primeras horas. <\/p>\n\n\n\n<p>Luego mejorando paulatinamente a lo largo de la jornada. Temperaturas en descenso con m\u00ednima de 9\u00b0 al final del d\u00eda, 13\u00b0 por la ma\u00f1ana.<\/p>\n\n\n\n<p>Segun el Servicio Metereologico Nacional, las temperaturas se mantendr\u00e1n estables durante toda la semana, donde el mi\u00e9rcoles rondar\u00e1 entre los 7 grados de m\u00ednima y los 14 de m\u00e1xima, con cielos nublados.<\/p>\n<!-- AddThis Advanced Settings generic via filter on the_content --><!-- AddThis Share Buttons generic via filter on the_content -->","protected":false},"excerpt":{"rendered":"<p>En un domingo invernal at\u00edpico, la temperatura escal\u00f3 a niveles impensados para los dias de julio. [&hellip;]<!-- AddThis Advanced Settings generic via filter on get_the_excerpt --><!-- AddThis Share Buttons generic via filter on get_the_excerpt --><\/p>\n","protected":false},"author":16,"featured_media":37554,"comment_status":"open","ping_status":"open","sticky":false,"template":"","format":"standard","meta":{"_seopress_robots_primary_cat":"none","_seopress_titles_title":"","_seopress_titles_desc":"","_seopress_robots_index":"","_themeisle_gutenberg_block_has_review":false,"footnotes":""},"categories":[2,164],"tags":[],"class_list":["post-37552","post","type-post","status-publish","format-standard","has-post-thumbnail","hentry","category-actualidad","category-ambiente"],"_links":{"self":[{"href":"https:\/\/www.almargenweb.com.ar\/web\/wp-json\/wp\/v2\/posts\/37552","targetHints":{"allow":["GET"]}}],"collection":[{"href":"https:\/\/www.almargenweb.com.ar\/web\/wp-json\/wp\/v2\/posts"}],"about":[{"href":"https:\/\/www.almargenweb.com.ar\/web\/wp-json\/wp\/v2\/types\/post"}],"author":[{"embeddable":true,"href":"https:\/\/www.almargenweb.com.ar\/web\/wp-json\/wp\/v2\/users\/16"}],"replies":[{"embeddable":true,"href":"https:\/\/www.almargenweb.com.ar\/web\/wp-json\/wp\/v2\/comments?post=37552"}],"version-history":[{"count":1,"href":"https:\/\/www.almargenweb.com.ar\/web\/wp-json\/wp\/v2\/posts\/37552\/revisions"}],"predecessor-version":[{"id":37555,"href":"https:\/\/www.almargenweb.com.ar\/web\/wp-json\/wp\/v2\/posts\/37552\/revisions\/37555"}],"wp:featuredmedia":[{"embeddable":true,"href":"https:\/\/www.almargenweb.com.ar\/web\/wp-json\/wp\/v2\/media\/37554"}],"wp:attachment":[{"href":"https:\/\/www.almargenweb.com.ar\/web\/wp-json\/wp\/v2\/media?parent=37552"}],"wp:term":[{"taxonomy":"category","embeddable":true,"href":"https:\/\/www.almargenweb.com.ar\/web\/wp-json\/wp\/v2\/categories?post=37552"},{"taxonomy":"post_tag","embeddable":true,"href":"https:\/\/www.almargenweb.com.ar\/web\/wp-json\/wp\/v2\/tags?post=37552"}],"curies":[{"name":"wp","href":"https:\/\/api.w.org\/{rel}","templated":true}]}}