{"id":37547,"date":"2022-07-06T12:00:42","date_gmt":"2022-07-06T15:00:42","guid":{"rendered":"http:\/\/www.almargenweb.com.ar\/web\/?p=37547"},"modified":"2022-07-06T12:02:33","modified_gmt":"2022-07-06T15:02:33","slug":"a-traves-del-programa-superarse-el-senador-provincial-felipe-michlig-dio-apoyo-a-microemprendedores","status":"publish","type":"post","link":"https:\/\/www.almargenweb.com.ar\/web\/a-traves-del-programa-superarse-el-senador-provincial-felipe-michlig-dio-apoyo-a-microemprendedores\/","title":{"rendered":"A trav\u00e9s del Programa \u201cSuperarse\u201d el Senador Provincial Felipe Michlig dio apoyo a microemprendedores"},"content":{"rendered":"\n<p>En el sal\u00f3n de reuniones de la comuna de Ambrosetti, el Senador Provincial Felipe Michlig y la Presidente Comunal Dianela Michlig, se reuni\u00f3n con vecinos de la localidad que se beneficiar\u00e1n con elementos de trabajo a partir de la firma de un nuevo convenio del Programa Departamental \u201cSuperarse\u201d. (Pro.De.Su).<\/p>\n\n\n\n<p>El senador provincial explic\u00f3 que \u201ceste programa a nivel departamental lo creamos desde mi representaci\u00f3n legislativa en coordinaci\u00f3n con las comunas y municipios, y en forma mancomunada buscamos que vecinos\/as puedan desarrollar microemprendimientos a nivel personal y\/o familiar, accediendo a diferentes herramientas y elementos de trabajo a los fines de poder superarse a trav\u00e9s de la cultura del trabajo o potenciar sus actividades\u201d.<\/p>\n\n\n\n<p>6 Familias beneficiadas<\/p>\n\n\n\n<p>La presidente comunal agreg\u00f3 \u201choy firmamos el convenio con 6 familias de nuestra localidad, nuestra idea es seguir colaborando y acompa\u00f1ando a los micro emprendedores, para ampliar las posibilidades de trabajo\u201d.<\/p>\n\n\n\n<p>Finalmente, el legislador detall\u00f3 que &#8220;a trav\u00e9s de este convenio aportaremos 3 hornos gastron\u00f3micos, una aspiradora industrial y 2 m\u00e1quinas de coser&#8221;. <\/p>\n\n\n\n<p>Durante el encuentro tambi\u00e9n particip\u00f3 el coordinador legislativo del Pro.De.Su., Marcelo Airaldo.<\/p>\n<!-- AddThis Advanced Settings generic via filter on the_content --><!-- AddThis Share Buttons generic via filter on the_content -->","protected":false},"excerpt":{"rendered":"<p>En el sal\u00f3n de reuniones de la comuna de Ambrosetti, el Senador Provincial Felipe Michlig y [&hellip;]<!-- AddThis Advanced Settings generic via filter on get_the_excerpt --><!-- AddThis Share Buttons generic via filter on get_the_excerpt --><\/p>\n","protected":false},"author":16,"featured_media":37551,"comment_status":"open","ping_status":"open","sticky":false,"template":"","format":"standard","meta":{"_seopress_robots_primary_cat":"none","_seopress_titles_title":"","_seopress_titles_desc":"","_seopress_robots_index":"","_themeisle_gutenberg_block_has_review":false,"footnotes":""},"categories":[2,164,20,9,321],"tags":[],"class_list":["post-37547","post","type-post","status-publish","format-standard","has-post-thumbnail","hentry","category-actualidad","category-ambiente","category-departamentales","category-politica","category-san-cristobal"],"_links":{"self":[{"href":"https:\/\/www.almargenweb.com.ar\/web\/wp-json\/wp\/v2\/posts\/37547","targetHints":{"allow":["GET"]}}],"collection":[{"href":"https:\/\/www.almargenweb.com.ar\/web\/wp-json\/wp\/v2\/posts"}],"about":[{"href":"https:\/\/www.almargenweb.com.ar\/web\/wp-json\/wp\/v2\/types\/post"}],"author":[{"embeddable":true,"href":"https:\/\/www.almargenweb.com.ar\/web\/wp-json\/wp\/v2\/users\/16"}],"replies":[{"embeddable":true,"href":"https:\/\/www.almargenweb.com.ar\/web\/wp-json\/wp\/v2\/comments?post=37547"}],"version-history":[{"count":1,"href":"https:\/\/www.almargenweb.com.ar\/web\/wp-json\/wp\/v2\/posts\/37547\/revisions"}],"predecessor-version":[{"id":37550,"href":"https:\/\/www.almargenweb.com.ar\/web\/wp-json\/wp\/v2\/posts\/37547\/revisions\/37550"}],"wp:featuredmedia":[{"embeddable":true,"href":"https:\/\/www.almargenweb.com.ar\/web\/wp-json\/wp\/v2\/media\/37551"}],"wp:attachment":[{"href":"https:\/\/www.almargenweb.com.ar\/web\/wp-json\/wp\/v2\/media?parent=37547"}],"wp:term":[{"taxonomy":"category","embeddable":true,"href":"https:\/\/www.almargenweb.com.ar\/web\/wp-json\/wp\/v2\/categories?post=37547"},{"taxonomy":"post_tag","embeddable":true,"href":"https:\/\/www.almargenweb.com.ar\/web\/wp-json\/wp\/v2\/tags?post=37547"}],"curies":[{"name":"wp","href":"https:\/\/api.w.org\/{rel}","templated":true}]}}