{"id":37522,"date":"2022-07-03T16:24:43","date_gmt":"2022-07-03T19:24:43","guid":{"rendered":"http:\/\/www.almargenweb.com.ar\/web\/?p=37522"},"modified":"2022-07-03T16:24:44","modified_gmt":"2022-07-03T19:24:44","slug":"como-consecuencia-de-la-historica-bajante-del-rio-parana-la-reproduccion-de-peces-fue-casi-nula-por-tercer-ano-consecutivo","status":"publish","type":"post","link":"https:\/\/www.almargenweb.com.ar\/web\/como-consecuencia-de-la-historica-bajante-del-rio-parana-la-reproduccion-de-peces-fue-casi-nula-por-tercer-ano-consecutivo\/","title":{"rendered":"Como consecuencia de la hist\u00f3rica bajante del r\u00edo Paran\u00e1 la reproducci\u00f3n de peces fue casi nula por tercer a\u00f1o consecutivo"},"content":{"rendered":"\n<p>Seg\u00fan un estudio elaborado por el Instituto de Ictiolog\u00eda del Nordeste (INICNE), dependiente de la Facultad de Ciencias Veterinarias &#8211; Universidad Nacional del Nordeste, en el que se alerta sobre el peligro la supervivencia de ciertas especies icticolas, por tercera temporada concecutiva. <\/p>\n\n\n\n<p>La reproducci\u00f3n ocurre cuando el r\u00edo crece de manera importante en poco tiempo. Si los peces est\u00e1n preparados y el r\u00edo crece eso va a generar un desove.<\/p>\n\n\n\n<p>El a\u00f1o pasado hubo peque\u00f1os picos y se verific\u00f3 que se reprodujeron, sin embargo, el informe senala que si el nivel no se mantiene, esos huevos y larvas terminan muriendo.<\/p>\n\n\n\n<p>Si bien, la mayor\u00eda de los pron\u00f3sticos meteorol\u00f3gicos indican que esta bajante extraordinaria del Paran\u00e1 est\u00e1 cerca de concluir, los especialistas creen que la situaci\u00f3n no ser\u00e1 positiva para la fauna en el corto plazo.<\/p>\n\n\n\n<p>Con una poblaci\u00f3n de peces en fuerte disminuci\u00f3n debido a estos episodios clim\u00e1ticos como, as\u00ed tambi\u00e9n, a la fuerte presi\u00f3n de pesca.<\/p>\n<!-- AddThis Advanced Settings generic via filter on the_content --><!-- AddThis Share Buttons generic via filter on the_content -->","protected":false},"excerpt":{"rendered":"<p>Seg\u00fan un estudio elaborado por el Instituto de Ictiolog\u00eda del Nordeste (INICNE), dependiente de la Facultad [&hellip;]<!-- AddThis Advanced Settings generic via filter on get_the_excerpt --><!-- AddThis Share Buttons generic via filter on get_the_excerpt --><\/p>\n","protected":false},"author":16,"featured_media":37524,"comment_status":"open","ping_status":"open","sticky":false,"template":"","format":"standard","meta":{"_seopress_robots_primary_cat":"none","_seopress_titles_title":"","_seopress_titles_desc":"","_seopress_robots_index":"","_themeisle_gutenberg_block_has_review":false,"footnotes":""},"categories":[2,164,140,15],"tags":[],"class_list":["post-37522","post","type-post","status-publish","format-standard","has-post-thumbnail","hentry","category-actualidad","category-ambiente","category-nacionales","category-salud"],"_links":{"self":[{"href":"https:\/\/www.almargenweb.com.ar\/web\/wp-json\/wp\/v2\/posts\/37522","targetHints":{"allow":["GET"]}}],"collection":[{"href":"https:\/\/www.almargenweb.com.ar\/web\/wp-json\/wp\/v2\/posts"}],"about":[{"href":"https:\/\/www.almargenweb.com.ar\/web\/wp-json\/wp\/v2\/types\/post"}],"author":[{"embeddable":true,"href":"https:\/\/www.almargenweb.com.ar\/web\/wp-json\/wp\/v2\/users\/16"}],"replies":[{"embeddable":true,"href":"https:\/\/www.almargenweb.com.ar\/web\/wp-json\/wp\/v2\/comments?post=37522"}],"version-history":[{"count":1,"href":"https:\/\/www.almargenweb.com.ar\/web\/wp-json\/wp\/v2\/posts\/37522\/revisions"}],"predecessor-version":[{"id":37525,"href":"https:\/\/www.almargenweb.com.ar\/web\/wp-json\/wp\/v2\/posts\/37522\/revisions\/37525"}],"wp:featuredmedia":[{"embeddable":true,"href":"https:\/\/www.almargenweb.com.ar\/web\/wp-json\/wp\/v2\/media\/37524"}],"wp:attachment":[{"href":"https:\/\/www.almargenweb.com.ar\/web\/wp-json\/wp\/v2\/media?parent=37522"}],"wp:term":[{"taxonomy":"category","embeddable":true,"href":"https:\/\/www.almargenweb.com.ar\/web\/wp-json\/wp\/v2\/categories?post=37522"},{"taxonomy":"post_tag","embeddable":true,"href":"https:\/\/www.almargenweb.com.ar\/web\/wp-json\/wp\/v2\/tags?post=37522"}],"curies":[{"name":"wp","href":"https:\/\/api.w.org\/{rel}","templated":true}]}}