{"id":37517,"date":"2022-07-03T15:26:29","date_gmt":"2022-07-03T18:26:29","guid":{"rendered":"http:\/\/www.almargenweb.com.ar\/web\/?p=37517"},"modified":"2022-07-03T15:51:22","modified_gmt":"2022-07-03T18:51:22","slug":"30-meses-de-los-28-ministros-de-economia-que-hubo-desde-1983-solo-4-superaron-los-1-000-dias-de-gestion","status":"publish","type":"post","link":"https:\/\/www.almargenweb.com.ar\/web\/30-meses-de-los-28-ministros-de-economia-que-hubo-desde-1983-solo-4-superaron-los-1-000-dias-de-gestion\/","title":{"rendered":"30 Meses; de los 28 ministros de Econom\u00eda que hubo desde 1983, solo 4 superaron los 1.000 d\u00edas de gesti\u00f3n"},"content":{"rendered":"\n<p>Desde el regreso de la democracia en 1983, todos los gobiernos tuvieron problemas para sostener durante toda su gesti\u00f3n al ministro de Econom\u00eda.<\/p>\n\n\n\n<p>Desde entonces, solo cuatro ministros de Econom\u00eda, Cavallo, Sourrouille, Lavagna y Roque Fern\u00e1ndez, superaron los 1.000 d\u00edas en el cargo.<\/p>\n\n\n\n<p>Domingo Cavallo, durante la era menemista, fue el que m\u00e1s tiempo estuvo en el cargo, con 2.010 d\u00edas, contra los 935 que estuvo Mart\u00edn Guzm\u00e1n hasta este s\u00e1bado que renunci\u00f3.<\/p>\n\n\n\n<p>El que menos tiempo se mantuvo en el cargo fue Jorge Capitanich, menos de un d\u00eda durante la crisis de diciembre de 2001.<\/p>\n<!-- AddThis Advanced Settings generic via filter on the_content --><!-- AddThis Share Buttons generic via filter on the_content -->","protected":false},"excerpt":{"rendered":"<p>Desde el regreso de la democracia en 1983, todos los gobiernos tuvieron problemas para sostener durante [&hellip;]<!-- AddThis Advanced Settings generic via filter on get_the_excerpt --><!-- AddThis Share Buttons generic via filter on get_the_excerpt --><\/p>\n","protected":false},"author":16,"featured_media":37519,"comment_status":"open","ping_status":"open","sticky":false,"template":"","format":"standard","meta":{"_seopress_robots_primary_cat":"none","_seopress_titles_title":"","_seopress_titles_desc":"","_seopress_robots_index":"","_themeisle_gutenberg_block_has_review":false,"footnotes":""},"categories":[2,164,140,9],"tags":[],"class_list":["post-37517","post","type-post","status-publish","format-standard","has-post-thumbnail","hentry","category-actualidad","category-ambiente","category-nacionales","category-politica"],"_links":{"self":[{"href":"https:\/\/www.almargenweb.com.ar\/web\/wp-json\/wp\/v2\/posts\/37517","targetHints":{"allow":["GET"]}}],"collection":[{"href":"https:\/\/www.almargenweb.com.ar\/web\/wp-json\/wp\/v2\/posts"}],"about":[{"href":"https:\/\/www.almargenweb.com.ar\/web\/wp-json\/wp\/v2\/types\/post"}],"author":[{"embeddable":true,"href":"https:\/\/www.almargenweb.com.ar\/web\/wp-json\/wp\/v2\/users\/16"}],"replies":[{"embeddable":true,"href":"https:\/\/www.almargenweb.com.ar\/web\/wp-json\/wp\/v2\/comments?post=37517"}],"version-history":[{"count":2,"href":"https:\/\/www.almargenweb.com.ar\/web\/wp-json\/wp\/v2\/posts\/37517\/revisions"}],"predecessor-version":[{"id":37521,"href":"https:\/\/www.almargenweb.com.ar\/web\/wp-json\/wp\/v2\/posts\/37517\/revisions\/37521"}],"wp:featuredmedia":[{"embeddable":true,"href":"https:\/\/www.almargenweb.com.ar\/web\/wp-json\/wp\/v2\/media\/37519"}],"wp:attachment":[{"href":"https:\/\/www.almargenweb.com.ar\/web\/wp-json\/wp\/v2\/media?parent=37517"}],"wp:term":[{"taxonomy":"category","embeddable":true,"href":"https:\/\/www.almargenweb.com.ar\/web\/wp-json\/wp\/v2\/categories?post=37517"},{"taxonomy":"post_tag","embeddable":true,"href":"https:\/\/www.almargenweb.com.ar\/web\/wp-json\/wp\/v2\/tags?post=37517"}],"curies":[{"name":"wp","href":"https:\/\/api.w.org\/{rel}","templated":true}]}}