{"id":37513,"date":"2022-06-30T12:51:36","date_gmt":"2022-06-30T15:51:36","guid":{"rendered":"http:\/\/www.almargenweb.com.ar\/web\/?p=37513"},"modified":"2022-06-30T12:51:37","modified_gmt":"2022-06-30T15:51:37","slug":"gasoil-insumos-e-impuestos-los-motivos-que-llevaron-al-campo-a-organizar-un-nuevo-paro-nacional-contra-el-gobierno","status":"publish","type":"post","link":"https:\/\/www.almargenweb.com.ar\/web\/gasoil-insumos-e-impuestos-los-motivos-que-llevaron-al-campo-a-organizar-un-nuevo-paro-nacional-contra-el-gobierno\/","title":{"rendered":"Gasoil, insumos e impuestos: los motivos que llevaron al campo a organizar un nuevo paro nacional contra el Gobierno"},"content":{"rendered":"\n<p>En medio de la crisis del gasoil que atraviesa la Argentina, la Mesa de Enlace anunci\u00f3 una paro nacional con cese de la comercializaci\u00f3n de granos y ganado para el mi\u00e9rcoles 13 de julio y no descart\u00f3 extenderla por m\u00e1s tiempo.<\/p>\n\n\n\n<p>Para los dirigentes y productores, hay se\u00f1ales y medidas oficiales que van en el sentido contrario de la necesidad del sector de contar con previsibilidad para de esa manera aumentar la inversi\u00f3n y los niveles de productividad.<\/p>\n\n\n\n<p>El principal reclamo de la Mesa de Enlace es que se garantice el abastecimiento de gasoil, pero tambi\u00e9n hay un fuerte malestar por la pol\u00edtica del Gobierno con alta presi\u00f3n impositiva y restricciones a las exportaciones.<\/p>\n\n\n\n<p>Es el cuarto paro que lanza la dirigencia del campo en lo que va de la gesti\u00f3n de Alberto Fern\u00e1ndez. En marzo de 2020 fue el primero, en respuesta al aumento de retenciones a la soja.<\/p>\n\n\n\n<p> Hubo otro a finales de ese a\u00f1o por el cierre de las exportaciones de ma\u00edz. Y en mayo de 2021 hubo uno m\u00e1s por el cierre de las exportaciones de la carne vacuna.<\/p>\n<!-- AddThis Advanced Settings generic via filter on the_content --><!-- AddThis Share Buttons generic via filter on the_content -->","protected":false},"excerpt":{"rendered":"<p>En medio de la crisis del gasoil que atraviesa la Argentina, la Mesa de Enlace anunci\u00f3 [&hellip;]<!-- AddThis Advanced Settings generic via filter on get_the_excerpt --><!-- AddThis Share Buttons generic via filter on get_the_excerpt --><\/p>\n","protected":false},"author":16,"featured_media":37515,"comment_status":"open","ping_status":"open","sticky":false,"template":"","format":"standard","meta":{"_seopress_robots_primary_cat":"none","_seopress_titles_title":"","_seopress_titles_desc":"","_seopress_robots_index":"","_themeisle_gutenberg_block_has_review":false,"footnotes":""},"categories":[2,164,5],"tags":[],"class_list":["post-37513","post","type-post","status-publish","format-standard","has-post-thumbnail","hentry","category-actualidad","category-ambiente","category-economia"],"_links":{"self":[{"href":"https:\/\/www.almargenweb.com.ar\/web\/wp-json\/wp\/v2\/posts\/37513","targetHints":{"allow":["GET"]}}],"collection":[{"href":"https:\/\/www.almargenweb.com.ar\/web\/wp-json\/wp\/v2\/posts"}],"about":[{"href":"https:\/\/www.almargenweb.com.ar\/web\/wp-json\/wp\/v2\/types\/post"}],"author":[{"embeddable":true,"href":"https:\/\/www.almargenweb.com.ar\/web\/wp-json\/wp\/v2\/users\/16"}],"replies":[{"embeddable":true,"href":"https:\/\/www.almargenweb.com.ar\/web\/wp-json\/wp\/v2\/comments?post=37513"}],"version-history":[{"count":1,"href":"https:\/\/www.almargenweb.com.ar\/web\/wp-json\/wp\/v2\/posts\/37513\/revisions"}],"predecessor-version":[{"id":37516,"href":"https:\/\/www.almargenweb.com.ar\/web\/wp-json\/wp\/v2\/posts\/37513\/revisions\/37516"}],"wp:featuredmedia":[{"embeddable":true,"href":"https:\/\/www.almargenweb.com.ar\/web\/wp-json\/wp\/v2\/media\/37515"}],"wp:attachment":[{"href":"https:\/\/www.almargenweb.com.ar\/web\/wp-json\/wp\/v2\/media?parent=37513"}],"wp:term":[{"taxonomy":"category","embeddable":true,"href":"https:\/\/www.almargenweb.com.ar\/web\/wp-json\/wp\/v2\/categories?post=37513"},{"taxonomy":"post_tag","embeddable":true,"href":"https:\/\/www.almargenweb.com.ar\/web\/wp-json\/wp\/v2\/tags?post=37513"}],"curies":[{"name":"wp","href":"https:\/\/api.w.org\/{rel}","templated":true}]}}