{"id":37467,"date":"2022-06-22T13:11:19","date_gmt":"2022-06-22T16:11:19","guid":{"rendered":"http:\/\/www.almargenweb.com.ar\/web\/?p=37467"},"modified":"2022-06-22T13:11:20","modified_gmt":"2022-06-22T16:11:20","slug":"ola-polar-el-viento-sur-hara-que-las-temperaturas-maximas-sean-muy-bajas-durante-varios-dias","status":"publish","type":"post","link":"https:\/\/www.almargenweb.com.ar\/web\/ola-polar-el-viento-sur-hara-que-las-temperaturas-maximas-sean-muy-bajas-durante-varios-dias\/","title":{"rendered":"Ola polar: el viento sur har\u00e1 que las temperaturas m\u00e1ximas sean muy bajas durante varios d\u00edas"},"content":{"rendered":"\n<p>Seg\u00fan los anuncios del Servicio Meteorol\u00f3gico Nacional, para este mi\u00e9rcoles se espera una m\u00e1xima de apenas 12 grados con cielo mayormente nublado.<\/p>\n\n\n\n<p>El organismo nacional anticipa una tarde muy fr\u00eda con cielo mayormente nublado y una temperatura m\u00e1xima que llegar\u00eda apenas a los 12 grados.<\/p>\n\n\n\n<p>Para el resto de la semana, se espera un frente de inestabilidad entre domingo y lunes, con chances de lluvias.<\/p>\n\n\n\n<p>En promedio, las temperaturas m\u00ednimas diarias oscilar\u00e1n entre los -10 y -2\u00b0C en Patagonia, mientras que los valores de la tarde ir\u00e1n entre los -4\u00b0C y los 6\u00b0C. Las temperaturas m\u00e1s bajas se esperan para el oeste patag\u00f3nico, donde es posible que algunos d\u00edas de esta semana no superen los 0\u00b0C.<\/p>\n<!-- AddThis Advanced Settings generic via filter on the_content --><!-- AddThis Share Buttons generic via filter on the_content -->","protected":false},"excerpt":{"rendered":"<p>Seg\u00fan los anuncios del Servicio Meteorol\u00f3gico Nacional, para este mi\u00e9rcoles se espera una m\u00e1xima de apenas [&hellip;]<!-- AddThis Advanced Settings generic via filter on get_the_excerpt --><!-- AddThis Share Buttons generic via filter on get_the_excerpt --><\/p>\n","protected":false},"author":16,"featured_media":37469,"comment_status":"open","ping_status":"open","sticky":false,"template":"","format":"standard","meta":{"_seopress_robots_primary_cat":"none","_seopress_titles_title":"","_seopress_titles_desc":"","_seopress_robots_index":"","_themeisle_gutenberg_block_has_review":false,"footnotes":""},"categories":[2,164,47,15],"tags":[],"class_list":["post-37467","post","type-post","status-publish","format-standard","has-post-thumbnail","hentry","category-actualidad","category-ambiente","category-locales","category-salud"],"_links":{"self":[{"href":"https:\/\/www.almargenweb.com.ar\/web\/wp-json\/wp\/v2\/posts\/37467","targetHints":{"allow":["GET"]}}],"collection":[{"href":"https:\/\/www.almargenweb.com.ar\/web\/wp-json\/wp\/v2\/posts"}],"about":[{"href":"https:\/\/www.almargenweb.com.ar\/web\/wp-json\/wp\/v2\/types\/post"}],"author":[{"embeddable":true,"href":"https:\/\/www.almargenweb.com.ar\/web\/wp-json\/wp\/v2\/users\/16"}],"replies":[{"embeddable":true,"href":"https:\/\/www.almargenweb.com.ar\/web\/wp-json\/wp\/v2\/comments?post=37467"}],"version-history":[{"count":1,"href":"https:\/\/www.almargenweb.com.ar\/web\/wp-json\/wp\/v2\/posts\/37467\/revisions"}],"predecessor-version":[{"id":37470,"href":"https:\/\/www.almargenweb.com.ar\/web\/wp-json\/wp\/v2\/posts\/37467\/revisions\/37470"}],"wp:featuredmedia":[{"embeddable":true,"href":"https:\/\/www.almargenweb.com.ar\/web\/wp-json\/wp\/v2\/media\/37469"}],"wp:attachment":[{"href":"https:\/\/www.almargenweb.com.ar\/web\/wp-json\/wp\/v2\/media?parent=37467"}],"wp:term":[{"taxonomy":"category","embeddable":true,"href":"https:\/\/www.almargenweb.com.ar\/web\/wp-json\/wp\/v2\/categories?post=37467"},{"taxonomy":"post_tag","embeddable":true,"href":"https:\/\/www.almargenweb.com.ar\/web\/wp-json\/wp\/v2\/tags?post=37467"}],"curies":[{"name":"wp","href":"https:\/\/api.w.org\/{rel}","templated":true}]}}