{"id":37461,"date":"2022-06-22T11:45:32","date_gmt":"2022-06-22T14:45:32","guid":{"rendered":"http:\/\/www.almargenweb.com.ar\/web\/?p=37461"},"modified":"2022-06-22T11:51:32","modified_gmt":"2022-06-22T14:51:32","slug":"rodrigo-muller-esperanza-necesita-un-proyecto-para-garantizar-el-derecho-a-la-vivienda","status":"publish","type":"post","link":"https:\/\/www.almargenweb.com.ar\/web\/rodrigo-muller-esperanza-necesita-un-proyecto-para-garantizar-el-derecho-a-la-vivienda\/","title":{"rendered":"Rodrigo M\u00fcller  \u201cEsperanza necesita un proyecto para garantizar el derecho a la vivienda\u201d"},"content":{"rendered":"\n<p>El concejal radical, Rodrigo M\u00fcller, brind\u00f3 m\u00e1s detalles sobre el proyecto que busca garantizar el derecho a la vivienda a 200 familias esperancinas. <\/p>\n\n\n\n<p>En primer lugar, M\u00fcller explic\u00f3 que el proyecto busca \u201cprevenir y atender la problem\u00e1tica habitacional de la ciudad con reformas al procedimiento de selecci\u00f3n e inscripci\u00f3n al INMUHA y la creaci\u00f3n de un plan propio\u201d.<\/p>\n\n\n\n<p>Luego, explic\u00f3 que \u201capuntamos a la provisi\u00f3n de lotes en $590.000 cada uno y a la construcci\u00f3n de viviendas de entre $3.500.000 y $7.500.000\u201d.<\/p>\n\n\n\n<p>Sobre la forma de financiar el proyecto, M\u00fcller mencion\u00f3 que \u201ceste proyecto requiere de $127.000.000 que saldr\u00e1 de lo que ingresa por foto-multas ($34.000.000), de cambiar el gasto del INMUHA ($13.000.000) y de lo que proviene de Inmobiliario y Patente ($78.000.000)\u201d. <\/p>\n\n\n\n<p>Por otro lado, el concejal aclar\u00f3 que se dejar\u00e1 de gastar dinero municipal en \u201cOtros Servicios y Asistencia T\u00e9cnica (m\u00e1s de $97.000.000), Gastos Improductivos como Cortes\u00eda y Homenaje, Multas, Tel\u00e9fonos, etc, (m\u00e1s de $6.000.000), entre otros rubros\u201d.<\/p>\n\n\n\n<p>Del mismo modo, M\u00fcller manifest\u00f3 que \u201cpara garantizar el acceso a la vivienda, las familias solamente deban pagar en el momento de escrituraci\u00f3n (en el caso del Lote) y de ocupaci\u00f3n efectiva de la vivienda para garantizar que no pagaran dos rubros a la vez\u201d.<\/p>\n\n\n\n<p> Adem\u00e1s, aclar\u00f3 que \u201csi bien la cuota es actualizable, se prev\u00e9 en se devuelva la inversi\u00f3n en 40 cuotas la de los lotes y de 192 la de las viviendas. <\/p>\n\n\n\n<p>El valor de las mismas ser\u00e1 de $15.000 la del Lote y de $20.000 a $40.000 la de las distintas viviendas y se exigir\u00e1 que sea para esperancinos y como condici\u00f3n que solo sea \u00fanica propiedad\u201d.<\/p>\n\n\n\n<p>\u201cSe trata de un plan que presenta medidas estrat\u00e9gicas para afrontar problemas concretos: el incremento de los alquileres, la dificultad de los j\u00f3venes para emanciparse y acceder a la vivienda, entre otros.<\/p>\n\n\n\n<p> El hecho de vivir en un hogar digno, es un derecho de todas las personas y este proyecto no son solo intenciones, est\u00e1 desarrollado sobre acciones y medidas concretas que combinan diferentes herramientas para que podamos trabajar en la redistribuci\u00f3n y restructuraci\u00f3n urbana que Esperanza hace tiempo necesita\u201d, concluy\u00f3 M\u00fcller.<\/p>\n<!-- AddThis Advanced Settings generic via filter on the_content --><!-- AddThis Share Buttons generic via filter on the_content -->","protected":false},"excerpt":{"rendered":"<p>El concejal radical, Rodrigo M\u00fcller, brind\u00f3 m\u00e1s detalles sobre el proyecto que busca garantizar el derecho [&hellip;]<!-- AddThis Advanced Settings generic via filter on get_the_excerpt --><!-- AddThis Share Buttons generic via filter on get_the_excerpt --><\/p>\n","protected":false},"author":16,"featured_media":37463,"comment_status":"open","ping_status":"open","sticky":false,"template":"","format":"standard","meta":{"_seopress_robots_primary_cat":"none","_seopress_titles_title":"","_seopress_titles_desc":"","_seopress_robots_index":"","_themeisle_gutenberg_block_has_review":false,"footnotes":""},"categories":[2,164,21,47,9],"tags":[],"class_list":["post-37461","post","type-post","status-publish","format-standard","has-post-thumbnail","hentry","category-actualidad","category-ambiente","category-las-colonias","category-locales","category-politica"],"_links":{"self":[{"href":"https:\/\/www.almargenweb.com.ar\/web\/wp-json\/wp\/v2\/posts\/37461","targetHints":{"allow":["GET"]}}],"collection":[{"href":"https:\/\/www.almargenweb.com.ar\/web\/wp-json\/wp\/v2\/posts"}],"about":[{"href":"https:\/\/www.almargenweb.com.ar\/web\/wp-json\/wp\/v2\/types\/post"}],"author":[{"embeddable":true,"href":"https:\/\/www.almargenweb.com.ar\/web\/wp-json\/wp\/v2\/users\/16"}],"replies":[{"embeddable":true,"href":"https:\/\/www.almargenweb.com.ar\/web\/wp-json\/wp\/v2\/comments?post=37461"}],"version-history":[{"count":2,"href":"https:\/\/www.almargenweb.com.ar\/web\/wp-json\/wp\/v2\/posts\/37461\/revisions"}],"predecessor-version":[{"id":37466,"href":"https:\/\/www.almargenweb.com.ar\/web\/wp-json\/wp\/v2\/posts\/37461\/revisions\/37466"}],"wp:featuredmedia":[{"embeddable":true,"href":"https:\/\/www.almargenweb.com.ar\/web\/wp-json\/wp\/v2\/media\/37463"}],"wp:attachment":[{"href":"https:\/\/www.almargenweb.com.ar\/web\/wp-json\/wp\/v2\/media?parent=37461"}],"wp:term":[{"taxonomy":"category","embeddable":true,"href":"https:\/\/www.almargenweb.com.ar\/web\/wp-json\/wp\/v2\/categories?post=37461"},{"taxonomy":"post_tag","embeddable":true,"href":"https:\/\/www.almargenweb.com.ar\/web\/wp-json\/wp\/v2\/tags?post=37461"}],"curies":[{"name":"wp","href":"https:\/\/api.w.org\/{rel}","templated":true}]}}