{"id":37453,"date":"2022-06-21T12:42:09","date_gmt":"2022-06-21T15:42:09","guid":{"rendered":"http:\/\/www.almargenweb.com.ar\/web\/?p=37453"},"modified":"2022-06-21T12:42:11","modified_gmt":"2022-06-21T15:42:11","slug":"humboldt-con-una-inversion-de-15-millones-culminaron-las-obras-de-acceso-a-la-futura-playa-de-camiones","status":"publish","type":"post","link":"https:\/\/www.almargenweb.com.ar\/web\/humboldt-con-una-inversion-de-15-millones-culminaron-las-obras-de-acceso-a-la-futura-playa-de-camiones\/","title":{"rendered":"Humboldt: con una inversi\u00f3n de $1,5 millones culminaron las obras de acceso a la futura playa de camiones"},"content":{"rendered":"\n<p>Con el objetivo de ordenar el ingreso del tr\u00e1nsito pesado a la localidad, la comuna de Humboldt avanza con las obras en la futura playa de estacionamiento para camiones, que permitir\u00e1 sumar un nuevo servicio paratransportistas de la localidad y de la regi\u00f3n.<\/p>\n\n\n\n<p>El presidente comunal Duilio Rohrmann dio detalles de las obras en el ingreso al predio. \u201cSe finaliz\u00f3 una de las obras m\u00e1s grande que tiene el proyecto y que es el ingreso al predio. La inversi\u00f3n alcanz\u00f3 los 1,5 millones de pesos, debido a que se tuvo que llevar a cabo un trabajo especial en la alcantarrilla dado que por ese sector circular\u00e1n camiones con y sin carga\u201d.<\/p>\n\n\n\n<p>Rohrmann agreg\u00f3 que a partir de los pr\u00f3ximos d\u00edas comenzar\u00e1n las obras en el interior del predio. \u201cAhora empezaremos a trabajar en armar la playa en s\u00ed. La primera etapa constar\u00e1 de remover la parte de suelo vegetal por tierra colorada y luego cubrirla con material p\u00e9treo.&#8221;.<\/p>\n\n\n\n<p>&#8220;Adem\u00e1s a la par de eso se va a trabajar con la EPE para la repotenciaci\u00f3n en esa zona para llegar con una l\u00ednea trif\u00e1sica all\u00ed\u201d.<\/p>\n\n\n\n<p><\/p>\n<!-- AddThis Advanced Settings generic via filter on the_content --><!-- AddThis Share Buttons generic via filter on the_content -->","protected":false},"excerpt":{"rendered":"<p>Con el objetivo de ordenar el ingreso del tr\u00e1nsito pesado a la localidad, la comuna de [&hellip;]<!-- AddThis Advanced Settings generic via filter on get_the_excerpt --><!-- AddThis Share Buttons generic via filter on get_the_excerpt --><\/p>\n","protected":false},"author":16,"featured_media":37455,"comment_status":"open","ping_status":"open","sticky":false,"template":"","format":"standard","meta":{"_seopress_robots_primary_cat":"none","_seopress_titles_title":"","_seopress_titles_desc":"","_seopress_robots_index":"","_themeisle_gutenberg_block_has_review":false,"footnotes":""},"categories":[2,164,21,24,29,317],"tags":[],"class_list":["post-37453","post","type-post","status-publish","format-standard","has-post-thumbnail","hentry","category-actualidad","category-ambiente","category-las-colonias","category-obras-publicas","category-regionales","category-transporte"],"_links":{"self":[{"href":"https:\/\/www.almargenweb.com.ar\/web\/wp-json\/wp\/v2\/posts\/37453","targetHints":{"allow":["GET"]}}],"collection":[{"href":"https:\/\/www.almargenweb.com.ar\/web\/wp-json\/wp\/v2\/posts"}],"about":[{"href":"https:\/\/www.almargenweb.com.ar\/web\/wp-json\/wp\/v2\/types\/post"}],"author":[{"embeddable":true,"href":"https:\/\/www.almargenweb.com.ar\/web\/wp-json\/wp\/v2\/users\/16"}],"replies":[{"embeddable":true,"href":"https:\/\/www.almargenweb.com.ar\/web\/wp-json\/wp\/v2\/comments?post=37453"}],"version-history":[{"count":1,"href":"https:\/\/www.almargenweb.com.ar\/web\/wp-json\/wp\/v2\/posts\/37453\/revisions"}],"predecessor-version":[{"id":37456,"href":"https:\/\/www.almargenweb.com.ar\/web\/wp-json\/wp\/v2\/posts\/37453\/revisions\/37456"}],"wp:featuredmedia":[{"embeddable":true,"href":"https:\/\/www.almargenweb.com.ar\/web\/wp-json\/wp\/v2\/media\/37455"}],"wp:attachment":[{"href":"https:\/\/www.almargenweb.com.ar\/web\/wp-json\/wp\/v2\/media?parent=37453"}],"wp:term":[{"taxonomy":"category","embeddable":true,"href":"https:\/\/www.almargenweb.com.ar\/web\/wp-json\/wp\/v2\/categories?post=37453"},{"taxonomy":"post_tag","embeddable":true,"href":"https:\/\/www.almargenweb.com.ar\/web\/wp-json\/wp\/v2\/tags?post=37453"}],"curies":[{"name":"wp","href":"https:\/\/api.w.org\/{rel}","templated":true}]}}