{"id":37443,"date":"2022-06-20T16:38:22","date_gmt":"2022-06-20T19:38:22","guid":{"rendered":"http:\/\/www.almargenweb.com.ar\/web\/?p=37443"},"modified":"2022-06-20T16:38:24","modified_gmt":"2022-06-20T19:38:24","slug":"informe-cuanto-gastaron-los-turistas-este-fin-de-semana-extra-largo","status":"publish","type":"post","link":"https:\/\/www.almargenweb.com.ar\/web\/informe-cuanto-gastaron-los-turistas-este-fin-de-semana-extra-largo\/","title":{"rendered":"Informe cu\u00e1nto gastaron los turistas este fin de semana extra largo"},"content":{"rendered":"\n<p>El feriado que combin\u00f3 la conmemoraci\u00f3n del paso a la inmortalidad del General Mart\u00edn de G\u00fcemes y el D\u00eda de la Bandera qued\u00f3 cerca de igualar las cifras de Semana Santa: 4,4 millones fueron los turistas y excursionistas que recorrieron las m\u00e1s de 1000 ciudades del pa\u00eds que conforman el circuito tur\u00edstico.<\/p>\n\n\n\n<p>Seg\u00fan un relevamiento privado, hubo adem\u00e1s otros 2,3 millones de personas que hicieron \u201cescapadas\u201d m\u00e1s cortas. En las provincias del norte la ocupaci\u00f3n hotelera alcanz\u00f3 el 97 por ciento.<\/p>\n\n\n\n<p>De acuerdo a estimaciones de la entidad que nuclea a peque\u00f1as y medianas empresas, el gasto total combinado de los turistas y los excursionistas sum\u00f3 $55.070 millones.<\/p>\n\n\n\n<p>Comparado con junio de 2019, que s\u00f3lo tuvo 3 d\u00edas, se movilizaron 148,1% m\u00e1s de turistas, 94,2% m\u00e1s de excursionistas, mientras que la estad\u00eda promedio aument\u00f3 32%, y el gasto diario subi\u00f3 386,9%. <\/p>\n\n\n\n<p>Esto \u00faltimo, impulsado por la inflaci\u00f3n, pero tambi\u00e9n por la mayor predisposici\u00f3n de los viajeros a destinar ahorros a ocio y recreaci\u00f3n. A precios constantes, el gasto diario se increment\u00f3 un 35,4%.<\/p>\n<!-- AddThis Advanced Settings generic via filter on the_content --><!-- AddThis Share Buttons generic via filter on the_content -->","protected":false},"excerpt":{"rendered":"<p>El feriado que combin\u00f3 la conmemoraci\u00f3n del paso a la inmortalidad del General Mart\u00edn de G\u00fcemes [&hellip;]<!-- AddThis Advanced Settings generic via filter on get_the_excerpt --><!-- AddThis Share Buttons generic via filter on get_the_excerpt --><\/p>\n","protected":false},"author":16,"featured_media":37445,"comment_status":"open","ping_status":"open","sticky":false,"template":"","format":"standard","meta":{"_seopress_robots_primary_cat":"none","_seopress_titles_title":"","_seopress_titles_desc":"","_seopress_robots_index":"","_themeisle_gutenberg_block_has_review":false,"footnotes":""},"categories":[2,164,5,140,317],"tags":[],"class_list":["post-37443","post","type-post","status-publish","format-standard","has-post-thumbnail","hentry","category-actualidad","category-ambiente","category-economia","category-nacionales","category-transporte"],"_links":{"self":[{"href":"https:\/\/www.almargenweb.com.ar\/web\/wp-json\/wp\/v2\/posts\/37443","targetHints":{"allow":["GET"]}}],"collection":[{"href":"https:\/\/www.almargenweb.com.ar\/web\/wp-json\/wp\/v2\/posts"}],"about":[{"href":"https:\/\/www.almargenweb.com.ar\/web\/wp-json\/wp\/v2\/types\/post"}],"author":[{"embeddable":true,"href":"https:\/\/www.almargenweb.com.ar\/web\/wp-json\/wp\/v2\/users\/16"}],"replies":[{"embeddable":true,"href":"https:\/\/www.almargenweb.com.ar\/web\/wp-json\/wp\/v2\/comments?post=37443"}],"version-history":[{"count":1,"href":"https:\/\/www.almargenweb.com.ar\/web\/wp-json\/wp\/v2\/posts\/37443\/revisions"}],"predecessor-version":[{"id":37446,"href":"https:\/\/www.almargenweb.com.ar\/web\/wp-json\/wp\/v2\/posts\/37443\/revisions\/37446"}],"wp:featuredmedia":[{"embeddable":true,"href":"https:\/\/www.almargenweb.com.ar\/web\/wp-json\/wp\/v2\/media\/37445"}],"wp:attachment":[{"href":"https:\/\/www.almargenweb.com.ar\/web\/wp-json\/wp\/v2\/media?parent=37443"}],"wp:term":[{"taxonomy":"category","embeddable":true,"href":"https:\/\/www.almargenweb.com.ar\/web\/wp-json\/wp\/v2\/categories?post=37443"},{"taxonomy":"post_tag","embeddable":true,"href":"https:\/\/www.almargenweb.com.ar\/web\/wp-json\/wp\/v2\/tags?post=37443"}],"curies":[{"name":"wp","href":"https:\/\/api.w.org\/{rel}","templated":true}]}}