{"id":37410,"date":"2022-06-13T17:22:17","date_gmt":"2022-06-13T20:22:17","guid":{"rendered":"http:\/\/www.almargenweb.com.ar\/web\/?p=37410"},"modified":"2022-06-13T17:22:18","modified_gmt":"2022-06-13T20:22:18","slug":"educacion-cuando-comienzan-en-santa-fe-las-vacaciones-de-invierno-2022","status":"publish","type":"post","link":"https:\/\/www.almargenweb.com.ar\/web\/educacion-cuando-comienzan-en-santa-fe-las-vacaciones-de-invierno-2022\/","title":{"rendered":"Educaci\u00f3n: cu\u00e1ndo comienzan en Santa Fe, las vacaciones de invierno 2022"},"content":{"rendered":"\n<p>Las clases comenzaron el 2 de marzo y se extender\u00e1n hasta el 22 de diciembre, la provincia cumplir\u00eda con 188 d\u00edas de clases. En el mes de julio se cumplir\u00e1 con el receso escolar entre el 11 y el 22 de ese mes.<\/p>\n\n\n\n<p>Sobre esa base, y teniendo en cuenta que la meta planteada en el Consejo Federal de Educaci\u00f3n es el dictado de 190 d\u00edas, es que la provincia decidi\u00f3 realizar un par de jornadas extendidas para llegar a la meta.<\/p>\n<!-- AddThis Advanced Settings generic via filter on the_content --><!-- AddThis Share Buttons generic via filter on the_content -->","protected":false},"excerpt":{"rendered":"<p>Las clases comenzaron el 2 de marzo y se extender\u00e1n hasta el 22 de diciembre, la [&hellip;]<!-- AddThis Advanced Settings generic via filter on get_the_excerpt --><!-- AddThis Share Buttons generic via filter on get_the_excerpt --><\/p>\n","protected":false},"author":16,"featured_media":37412,"comment_status":"open","ping_status":"open","sticky":false,"template":"","format":"standard","meta":{"_seopress_robots_primary_cat":"none","_seopress_titles_title":"","_seopress_titles_desc":"","_seopress_robots_index":"","_themeisle_gutenberg_block_has_review":false,"footnotes":""},"categories":[2,164,19],"tags":[],"class_list":["post-37410","post","type-post","status-publish","format-standard","has-post-thumbnail","hentry","category-actualidad","category-ambiente","category-educacion"],"_links":{"self":[{"href":"https:\/\/www.almargenweb.com.ar\/web\/wp-json\/wp\/v2\/posts\/37410","targetHints":{"allow":["GET"]}}],"collection":[{"href":"https:\/\/www.almargenweb.com.ar\/web\/wp-json\/wp\/v2\/posts"}],"about":[{"href":"https:\/\/www.almargenweb.com.ar\/web\/wp-json\/wp\/v2\/types\/post"}],"author":[{"embeddable":true,"href":"https:\/\/www.almargenweb.com.ar\/web\/wp-json\/wp\/v2\/users\/16"}],"replies":[{"embeddable":true,"href":"https:\/\/www.almargenweb.com.ar\/web\/wp-json\/wp\/v2\/comments?post=37410"}],"version-history":[{"count":1,"href":"https:\/\/www.almargenweb.com.ar\/web\/wp-json\/wp\/v2\/posts\/37410\/revisions"}],"predecessor-version":[{"id":37413,"href":"https:\/\/www.almargenweb.com.ar\/web\/wp-json\/wp\/v2\/posts\/37410\/revisions\/37413"}],"wp:featuredmedia":[{"embeddable":true,"href":"https:\/\/www.almargenweb.com.ar\/web\/wp-json\/wp\/v2\/media\/37412"}],"wp:attachment":[{"href":"https:\/\/www.almargenweb.com.ar\/web\/wp-json\/wp\/v2\/media?parent=37410"}],"wp:term":[{"taxonomy":"category","embeddable":true,"href":"https:\/\/www.almargenweb.com.ar\/web\/wp-json\/wp\/v2\/categories?post=37410"},{"taxonomy":"post_tag","embeddable":true,"href":"https:\/\/www.almargenweb.com.ar\/web\/wp-json\/wp\/v2\/tags?post=37410"}],"curies":[{"name":"wp","href":"https:\/\/api.w.org\/{rel}","templated":true}]}}