{"id":37406,"date":"2022-06-10T09:49:04","date_gmt":"2022-06-10T12:49:04","guid":{"rendered":"http:\/\/www.almargenweb.com.ar\/web\/?p=37406"},"modified":"2022-06-10T09:49:06","modified_gmt":"2022-06-10T12:49:06","slug":"dia-nacional-de-la-seguridad-vial-estrellas-amarillas-para-crear-conciencia-y-erradicar-las-violencias","status":"publish","type":"post","link":"https:\/\/www.almargenweb.com.ar\/web\/dia-nacional-de-la-seguridad-vial-estrellas-amarillas-para-crear-conciencia-y-erradicar-las-violencias\/","title":{"rendered":"D\u00eda Nacional de la Seguridad Vial:  estrellas amarillas para crear conciencia y erradicar las violencias"},"content":{"rendered":"\n<p>El origen de este d\u00eda se remonta al 10 de junio de 1945, cuando en nuestro pa\u00eds se decret\u00f3 la modificaci\u00f3n del sentido del tr\u00e1nsito por la derecha. <\/p>\n\n\n\n<p>Aunque pareciera una simple cuesti\u00f3n t\u00e9cnica, esta decisi\u00f3n salv\u00f3 vidas. Ya que si uno circula por la izquierda \u00aba la inglesa\u00bb en una ruta mano y contramano, para poder sobrepasar a otro veh\u00edculo, el conductor deber\u00eda asomar casi toda su carrocer\u00eda.<\/p>\n\n\n\n<p>La jornada se instituy\u00f3 para promover que se tome conciencia de la necesidad del respeto de las normas de tr\u00e1nsito y contar con pol\u00edticas destinadas a la educaci\u00f3n, que contribuyan a la mejora de la seguridad vial.<\/p>\n\n\n\n<p>La principal contribuci\u00f3n de la educaci\u00f3n es la reflexi\u00f3n y la acci\u00f3n sobre el mundo para poder transformarlo, para ello debemos pensar la educaci\u00f3n como un acto de amor, de coraje, de pr\u00e1ctica de la libertad.<\/p>\n<!-- AddThis Advanced Settings generic via filter on the_content --><!-- AddThis Share Buttons generic via filter on the_content -->","protected":false},"excerpt":{"rendered":"<p>El origen de este d\u00eda se remonta al 10 de junio de 1945, cuando en nuestro [&hellip;]<!-- AddThis Advanced Settings generic via filter on get_the_excerpt --><!-- AddThis Share Buttons generic via filter on get_the_excerpt --><\/p>\n","protected":false},"author":16,"featured_media":37408,"comment_status":"open","ping_status":"open","sticky":false,"template":"","format":"standard","meta":{"_seopress_robots_primary_cat":"none","_seopress_titles_title":"","_seopress_titles_desc":"","_seopress_robots_index":"","_themeisle_gutenberg_block_has_review":false,"footnotes":""},"categories":[2,164,140,15,317],"tags":[],"class_list":["post-37406","post","type-post","status-publish","format-standard","has-post-thumbnail","hentry","category-actualidad","category-ambiente","category-nacionales","category-salud","category-transporte"],"_links":{"self":[{"href":"https:\/\/www.almargenweb.com.ar\/web\/wp-json\/wp\/v2\/posts\/37406","targetHints":{"allow":["GET"]}}],"collection":[{"href":"https:\/\/www.almargenweb.com.ar\/web\/wp-json\/wp\/v2\/posts"}],"about":[{"href":"https:\/\/www.almargenweb.com.ar\/web\/wp-json\/wp\/v2\/types\/post"}],"author":[{"embeddable":true,"href":"https:\/\/www.almargenweb.com.ar\/web\/wp-json\/wp\/v2\/users\/16"}],"replies":[{"embeddable":true,"href":"https:\/\/www.almargenweb.com.ar\/web\/wp-json\/wp\/v2\/comments?post=37406"}],"version-history":[{"count":1,"href":"https:\/\/www.almargenweb.com.ar\/web\/wp-json\/wp\/v2\/posts\/37406\/revisions"}],"predecessor-version":[{"id":37409,"href":"https:\/\/www.almargenweb.com.ar\/web\/wp-json\/wp\/v2\/posts\/37406\/revisions\/37409"}],"wp:featuredmedia":[{"embeddable":true,"href":"https:\/\/www.almargenweb.com.ar\/web\/wp-json\/wp\/v2\/media\/37408"}],"wp:attachment":[{"href":"https:\/\/www.almargenweb.com.ar\/web\/wp-json\/wp\/v2\/media?parent=37406"}],"wp:term":[{"taxonomy":"category","embeddable":true,"href":"https:\/\/www.almargenweb.com.ar\/web\/wp-json\/wp\/v2\/categories?post=37406"},{"taxonomy":"post_tag","embeddable":true,"href":"https:\/\/www.almargenweb.com.ar\/web\/wp-json\/wp\/v2\/tags?post=37406"}],"curies":[{"name":"wp","href":"https:\/\/api.w.org\/{rel}","templated":true}]}}