{"id":37394,"date":"2022-06-09T14:12:50","date_gmt":"2022-06-09T17:12:50","guid":{"rendered":"http:\/\/www.almargenweb.com.ar\/web\/?p=37394"},"modified":"2022-06-09T14:12:52","modified_gmt":"2022-06-09T17:12:52","slug":"la-crisis-economica-no-cede-4-de-cada-10-argentinos-son-pobres","status":"publish","type":"post","link":"https:\/\/www.almargenweb.com.ar\/web\/la-crisis-economica-no-cede-4-de-cada-10-argentinos-son-pobres\/","title":{"rendered":"La crisis econ\u00f3mica no cede: 4 de cada 10 argentinos son pobres"},"content":{"rendered":"\n<p>Segun los datos del Instituto Nacional de Estad\u00edstica y Censos (Indec) en Argentina, 4 de cada 10 personas son pobres. Una de cada diez es indigente.<\/p>\n\n\n\n<p>Y si a aquellos en riesgo de no comer lo suficiente para llevar una vida plena sumamos a aquellos que no tienen ninguna seguridad de si les llegar\u00e1 para obtener comida suficiente y se ver\u00e1n obligados a reducir la cantidad o calidad de los alimentos que consumen, estamos hablando del 45% de la poblaci\u00f3n.<\/p>\n\n\n\n<p>A este panorama se a\u00f1ade un dato a\u00fan m\u00e1s alarmante: seg\u00fan el \u00faltimo informe del Observatorio de la Deuda Social de la Universidad Cat\u00f3lica Argentina, en 2018 un 13% de los ni\u00f1os argentinos pas\u00f3 hambre y un 29,3% empeor\u00f3 la calidad y la cantidad de su dieta. <\/p>\n\n\n\n<p>Mientras tanto, el el Gobierno ya autoriz\u00f3 la suba de los precios de los cortes de carne populares dentro del contexto de la renovaci\u00f3n del acuerdo de Precios Cuidados. <\/p>\n\n\n\n<p>Estas alcanzar\u00edan los valores de 6,4% con respecto a los valores anteriores.<\/p>\n<!-- AddThis Advanced Settings generic via filter on the_content --><!-- AddThis Share Buttons generic via filter on the_content -->","protected":false},"excerpt":{"rendered":"<p>Segun los datos del Instituto Nacional de Estad\u00edstica y Censos (Indec) en Argentina, 4 de cada [&hellip;]<!-- AddThis Advanced Settings generic via filter on get_the_excerpt --><!-- AddThis Share Buttons generic via filter on get_the_excerpt --><\/p>\n","protected":false},"author":16,"featured_media":37396,"comment_status":"open","ping_status":"open","sticky":false,"template":"","format":"standard","meta":{"_seopress_robots_primary_cat":"none","_seopress_titles_title":"","_seopress_titles_desc":"","_seopress_robots_index":"","_themeisle_gutenberg_block_has_review":false,"footnotes":""},"categories":[2,164,5,140,15],"tags":[],"class_list":["post-37394","post","type-post","status-publish","format-standard","has-post-thumbnail","hentry","category-actualidad","category-ambiente","category-economia","category-nacionales","category-salud"],"_links":{"self":[{"href":"https:\/\/www.almargenweb.com.ar\/web\/wp-json\/wp\/v2\/posts\/37394","targetHints":{"allow":["GET"]}}],"collection":[{"href":"https:\/\/www.almargenweb.com.ar\/web\/wp-json\/wp\/v2\/posts"}],"about":[{"href":"https:\/\/www.almargenweb.com.ar\/web\/wp-json\/wp\/v2\/types\/post"}],"author":[{"embeddable":true,"href":"https:\/\/www.almargenweb.com.ar\/web\/wp-json\/wp\/v2\/users\/16"}],"replies":[{"embeddable":true,"href":"https:\/\/www.almargenweb.com.ar\/web\/wp-json\/wp\/v2\/comments?post=37394"}],"version-history":[{"count":1,"href":"https:\/\/www.almargenweb.com.ar\/web\/wp-json\/wp\/v2\/posts\/37394\/revisions"}],"predecessor-version":[{"id":37397,"href":"https:\/\/www.almargenweb.com.ar\/web\/wp-json\/wp\/v2\/posts\/37394\/revisions\/37397"}],"wp:featuredmedia":[{"embeddable":true,"href":"https:\/\/www.almargenweb.com.ar\/web\/wp-json\/wp\/v2\/media\/37396"}],"wp:attachment":[{"href":"https:\/\/www.almargenweb.com.ar\/web\/wp-json\/wp\/v2\/media?parent=37394"}],"wp:term":[{"taxonomy":"category","embeddable":true,"href":"https:\/\/www.almargenweb.com.ar\/web\/wp-json\/wp\/v2\/categories?post=37394"},{"taxonomy":"post_tag","embeddable":true,"href":"https:\/\/www.almargenweb.com.ar\/web\/wp-json\/wp\/v2\/tags?post=37394"}],"curies":[{"name":"wp","href":"https:\/\/api.w.org\/{rel}","templated":true}]}}