{"id":37388,"date":"2022-06-08T16:25:37","date_gmt":"2022-06-08T19:25:37","guid":{"rendered":"http:\/\/www.almargenweb.com.ar\/web\/?p=37388"},"modified":"2022-06-08T16:25:38","modified_gmt":"2022-06-08T19:25:38","slug":"alerta-violeta-por-niebla-cuanto-durara-el-fenomeno-meteorologico","status":"publish","type":"post","link":"https:\/\/www.almargenweb.com.ar\/web\/alerta-violeta-por-niebla-cuanto-durara-el-fenomeno-meteorologico\/","title":{"rendered":"Alerta violeta por niebla: cu\u00e1nto durar\u00e1 el fen\u00f3meno meteorol\u00f3gico"},"content":{"rendered":"\n<p>Tal como ocurri\u00f3 en los \u00faltimos d\u00edas en las zonas suburbanas, hoy el fen\u00f3meno se extendi\u00f3 a pr\u00e1cticamente a toda la ciudad, en una ma\u00f1ana que se sent\u00eda mucho m\u00e1s fr\u00eda que las anteriores.<\/p>\n\n\n\n<p>El Servicio Meteorol\u00f3gico Nacional (SMN) emiti\u00f3 una advertencia violeta por niebla para la provincia de Santa Fe, Entre R\u00edos y Buenos Aires.<\/p>\n\n\n\n<p>Seg\u00fan inform\u00f3 el SMN, la advertencia violeta significa \u201cfen\u00f3menos que pueden representar inconvenientes o dificultades en el normal desenvolvimiento en la vida social\u201d. <\/p>\n\n\n\n<p>El fen\u00f3meno se extender\u00e1 hasta el jueves, cuando la entrada de un viento del sur disipar\u00eda las nieblas y traer\u00eda de vuelta el fr\u00edo a la region.<\/p>\n\n\n\n<p>El fin de semana se anuncia con buen tiempo y en principio el problema de la niebla ser\u00eda un asunto superado.<\/p>\n\n\n\n<p>Ante esta situaci\u00f3n, es obligatoria la prudencia al conducir y seguir algunas recomendaciones:<\/p>\n\n\n\n<p>Llevar encendidas las luces de posici\u00f3n y las luces bajas. No encender las luces altas para no encandilar a los otros veh\u00edculos.<br>Si el veh\u00edculo posee luces antiniebla, utilizarlas.<br>Disminuir la velocidad y aumentar la distancia con el veh\u00edculo precedente, en proporci\u00f3n a la visibilidad.<br>Mantener el parabrisas limpio.<br>No realizar maniobras de sobrepaso. (DIB) ACR<\/p>\n<!-- AddThis Advanced Settings generic via filter on the_content --><!-- AddThis Share Buttons generic via filter on the_content -->","protected":false},"excerpt":{"rendered":"<p>Tal como ocurri\u00f3 en los \u00faltimos d\u00edas en las zonas suburbanas, hoy el fen\u00f3meno se extendi\u00f3 [&hellip;]<!-- AddThis Advanced Settings generic via filter on get_the_excerpt --><!-- AddThis Share Buttons generic via filter on get_the_excerpt --><\/p>\n","protected":false},"author":16,"featured_media":37390,"comment_status":"open","ping_status":"open","sticky":false,"template":"","format":"standard","meta":{"_seopress_robots_primary_cat":"none","_seopress_titles_title":"","_seopress_titles_desc":"","_seopress_robots_index":"","_themeisle_gutenberg_block_has_review":false,"footnotes":""},"categories":[2,164,20,21],"tags":[],"class_list":["post-37388","post","type-post","status-publish","format-standard","has-post-thumbnail","hentry","category-actualidad","category-ambiente","category-departamentales","category-las-colonias"],"_links":{"self":[{"href":"https:\/\/www.almargenweb.com.ar\/web\/wp-json\/wp\/v2\/posts\/37388","targetHints":{"allow":["GET"]}}],"collection":[{"href":"https:\/\/www.almargenweb.com.ar\/web\/wp-json\/wp\/v2\/posts"}],"about":[{"href":"https:\/\/www.almargenweb.com.ar\/web\/wp-json\/wp\/v2\/types\/post"}],"author":[{"embeddable":true,"href":"https:\/\/www.almargenweb.com.ar\/web\/wp-json\/wp\/v2\/users\/16"}],"replies":[{"embeddable":true,"href":"https:\/\/www.almargenweb.com.ar\/web\/wp-json\/wp\/v2\/comments?post=37388"}],"version-history":[{"count":1,"href":"https:\/\/www.almargenweb.com.ar\/web\/wp-json\/wp\/v2\/posts\/37388\/revisions"}],"predecessor-version":[{"id":37391,"href":"https:\/\/www.almargenweb.com.ar\/web\/wp-json\/wp\/v2\/posts\/37388\/revisions\/37391"}],"wp:featuredmedia":[{"embeddable":true,"href":"https:\/\/www.almargenweb.com.ar\/web\/wp-json\/wp\/v2\/media\/37390"}],"wp:attachment":[{"href":"https:\/\/www.almargenweb.com.ar\/web\/wp-json\/wp\/v2\/media?parent=37388"}],"wp:term":[{"taxonomy":"category","embeddable":true,"href":"https:\/\/www.almargenweb.com.ar\/web\/wp-json\/wp\/v2\/categories?post=37388"},{"taxonomy":"post_tag","embeddable":true,"href":"https:\/\/www.almargenweb.com.ar\/web\/wp-json\/wp\/v2\/tags?post=37388"}],"curies":[{"name":"wp","href":"https:\/\/api.w.org\/{rel}","templated":true}]}}