{"id":37380,"date":"2022-06-07T11:13:02","date_gmt":"2022-06-07T14:13:02","guid":{"rendered":"http:\/\/www.almargenweb.com.ar\/web\/?p=37380"},"modified":"2022-06-07T11:13:03","modified_gmt":"2022-06-07T14:13:03","slug":"paritarias-docentes-universitarios-van-al-paro-desde-este-martes-por-48-horas","status":"publish","type":"post","link":"https:\/\/www.almargenweb.com.ar\/web\/paritarias-docentes-universitarios-van-al-paro-desde-este-martes-por-48-horas\/","title":{"rendered":"Paritarias: docentes universitarios van al paro desde este martes por 48 horas"},"content":{"rendered":"\n<p>La Federaci\u00f3n Nacional de Docentes, Investigadores y Creadores Universitarios Hist\u00f3rica Conadu-H- una nueva medidas de fuerza de 48 horas, la que dar\u00e1 inicio este martes y mi\u00e9rcoles.<\/p>\n\n\n\n<p>La medida fue definida ante la falta de soluci\u00f3n al importante retraso sufrido por los haberes de la docencia de las universidades nacionales. <\/p>\n\n\n\n<p>Por lo tanto la CONADU Hist\u00f3rica convoca a todas las asociaciones de base y federaciones a confluir en la unidad de acci\u00f3n por los derechos de la docencia.<\/p>\n\n\n\n<p>El salario docente tuvo un 13% de incremento fijo para marzo, abril y mayo, frente a una inflaci\u00f3n que fue de 16% acumulada a marzo, 23% a abril y 30% estimada en mayo. <\/p>\n\n\n\n<p>Esto representa una p\u00e9rdida de poder adquisitivo de 3%, 10% y 17% con esos valores.<\/p>\n<!-- AddThis Advanced Settings generic via filter on the_content --><!-- AddThis Share Buttons generic via filter on the_content -->","protected":false},"excerpt":{"rendered":"<p>La Federaci\u00f3n Nacional de Docentes, Investigadores y Creadores Universitarios Hist\u00f3rica Conadu-H- una nueva medidas de fuerza [&hellip;]<!-- AddThis Advanced Settings generic via filter on get_the_excerpt --><!-- AddThis Share Buttons generic via filter on get_the_excerpt --><\/p>\n","protected":false},"author":16,"featured_media":37382,"comment_status":"open","ping_status":"open","sticky":false,"template":"","format":"standard","meta":{"_seopress_robots_primary_cat":"none","_seopress_titles_title":"","_seopress_titles_desc":"","_seopress_robots_index":"","_themeisle_gutenberg_block_has_review":false,"footnotes":""},"categories":[2,164,19],"tags":[],"class_list":["post-37380","post","type-post","status-publish","format-standard","has-post-thumbnail","hentry","category-actualidad","category-ambiente","category-educacion"],"_links":{"self":[{"href":"https:\/\/www.almargenweb.com.ar\/web\/wp-json\/wp\/v2\/posts\/37380","targetHints":{"allow":["GET"]}}],"collection":[{"href":"https:\/\/www.almargenweb.com.ar\/web\/wp-json\/wp\/v2\/posts"}],"about":[{"href":"https:\/\/www.almargenweb.com.ar\/web\/wp-json\/wp\/v2\/types\/post"}],"author":[{"embeddable":true,"href":"https:\/\/www.almargenweb.com.ar\/web\/wp-json\/wp\/v2\/users\/16"}],"replies":[{"embeddable":true,"href":"https:\/\/www.almargenweb.com.ar\/web\/wp-json\/wp\/v2\/comments?post=37380"}],"version-history":[{"count":1,"href":"https:\/\/www.almargenweb.com.ar\/web\/wp-json\/wp\/v2\/posts\/37380\/revisions"}],"predecessor-version":[{"id":37383,"href":"https:\/\/www.almargenweb.com.ar\/web\/wp-json\/wp\/v2\/posts\/37380\/revisions\/37383"}],"wp:featuredmedia":[{"embeddable":true,"href":"https:\/\/www.almargenweb.com.ar\/web\/wp-json\/wp\/v2\/media\/37382"}],"wp:attachment":[{"href":"https:\/\/www.almargenweb.com.ar\/web\/wp-json\/wp\/v2\/media?parent=37380"}],"wp:term":[{"taxonomy":"category","embeddable":true,"href":"https:\/\/www.almargenweb.com.ar\/web\/wp-json\/wp\/v2\/categories?post=37380"},{"taxonomy":"post_tag","embeddable":true,"href":"https:\/\/www.almargenweb.com.ar\/web\/wp-json\/wp\/v2\/tags?post=37380"}],"curies":[{"name":"wp","href":"https:\/\/api.w.org\/{rel}","templated":true}]}}