{"id":37330,"date":"2022-05-31T13:59:26","date_gmt":"2022-05-31T16:59:26","guid":{"rendered":"http:\/\/www.almargenweb.com.ar\/web\/?p=37330"},"modified":"2022-05-31T13:59:27","modified_gmt":"2022-05-31T16:59:27","slug":"rodrigo-muller-la-ausencia-de-politicas-de-vivienda-municipales-nos-llevo-a-que-mas-del-25-de-las-familias-de-esperanza-deban-alquilar","status":"publish","type":"post","link":"https:\/\/www.almargenweb.com.ar\/web\/rodrigo-muller-la-ausencia-de-politicas-de-vivienda-municipales-nos-llevo-a-que-mas-del-25-de-las-familias-de-esperanza-deban-alquilar\/","title":{"rendered":"Rodrigo M\u00fcller:  &#8220;La ausencia de pol\u00edticas de vivienda municipales nos llev\u00f3 a que m\u00e1s del 25% de las familias de Esperanza deban alquilar&#8221;"},"content":{"rendered":"\n<p>El Concejal manifest\u00f3 que esta trabajando en una propuesta junto a su equipo para dar soluci\u00f3n al problema. <\/p>\n\n\n\n<p>Primero la falta de proyectos hizo que se generaran los asentamientos. La clase media sufre las consecuencias de esta ausencia de pol\u00edticas de h\u00e1bitat. Y esta encerrona que tenemos hoy, hizo que desde el Estado Municipal hasta se promueva el conflicto entre los mismos esperancinos.<\/p>\n\n\n\n<p><br>Queda claro que un Estado municipal ausente, no ha generado las condiciones para que todas y todos puedan acceder a la vivienda digna. En especial, no fomentar la cultura del trabajo nos ha llevado a una retroceso total en Esperanza y la perdida del v\u00ednculo con nuestra historia como ciudad.<\/p>\n\n\n\n<p>Muller destaco &#8220;que si el 25% o m\u00e1s alquila en Esperanza y tenemos m\u00e1s de 4000 personas registradas para acceder a la vivienda. Cada a\u00f1o ingresan nuevas familias y tampoco hay soluciones tanto en vivienda y acceso al Lote para los que ya est\u00e1n inscriptos. Para dar soluciones hay que tomar decisiones y no veo que se tomen, cosa que quiero realizar.&#8221;<\/p>\n\n\n\n<p>&#8220;Por ejemplo para demostrar lo que decimos entre el 2013 y el 2019 la Administraci\u00f3n Municipal se gast\u00f3 todo el dinero del INMUHA y no tuvimos una respuesta eficaz en el tema. No sabemos donde se destin\u00f3, cuantas carencias se resolvieron, si el dinero fue a otra pol\u00edtica de h\u00e1bitat&#8221;.<\/p>\n\n\n\n<p>Finalmente, el Concejal Rodrigo M\u00fcller manifest\u00f3, que junto a su equipo estamos enfocados en aportar oportunidades habitacionales a nivel local para garantizar el acceso al Lote y a la vivienda. Cuesti\u00f3n que presentaremos en muy corto plazo.<\/p>\n<!-- AddThis Advanced Settings generic via filter on the_content --><!-- AddThis Share Buttons generic via filter on the_content -->","protected":false},"excerpt":{"rendered":"<p>El Concejal manifest\u00f3 que esta trabajando en una propuesta junto a su equipo para dar soluci\u00f3n [&hellip;]<!-- AddThis Advanced Settings generic via filter on get_the_excerpt --><!-- AddThis Share Buttons generic via filter on get_the_excerpt --><\/p>\n","protected":false},"author":16,"featured_media":37332,"comment_status":"open","ping_status":"open","sticky":false,"template":"","format":"standard","meta":{"_seopress_robots_primary_cat":"none","_seopress_titles_title":"","_seopress_titles_desc":"","_seopress_robots_index":"","_themeisle_gutenberg_block_has_review":false,"footnotes":""},"categories":[2,21,47,9],"tags":[],"class_list":["post-37330","post","type-post","status-publish","format-standard","has-post-thumbnail","hentry","category-actualidad","category-las-colonias","category-locales","category-politica"],"_links":{"self":[{"href":"https:\/\/www.almargenweb.com.ar\/web\/wp-json\/wp\/v2\/posts\/37330","targetHints":{"allow":["GET"]}}],"collection":[{"href":"https:\/\/www.almargenweb.com.ar\/web\/wp-json\/wp\/v2\/posts"}],"about":[{"href":"https:\/\/www.almargenweb.com.ar\/web\/wp-json\/wp\/v2\/types\/post"}],"author":[{"embeddable":true,"href":"https:\/\/www.almargenweb.com.ar\/web\/wp-json\/wp\/v2\/users\/16"}],"replies":[{"embeddable":true,"href":"https:\/\/www.almargenweb.com.ar\/web\/wp-json\/wp\/v2\/comments?post=37330"}],"version-history":[{"count":1,"href":"https:\/\/www.almargenweb.com.ar\/web\/wp-json\/wp\/v2\/posts\/37330\/revisions"}],"predecessor-version":[{"id":37333,"href":"https:\/\/www.almargenweb.com.ar\/web\/wp-json\/wp\/v2\/posts\/37330\/revisions\/37333"}],"wp:featuredmedia":[{"embeddable":true,"href":"https:\/\/www.almargenweb.com.ar\/web\/wp-json\/wp\/v2\/media\/37332"}],"wp:attachment":[{"href":"https:\/\/www.almargenweb.com.ar\/web\/wp-json\/wp\/v2\/media?parent=37330"}],"wp:term":[{"taxonomy":"category","embeddable":true,"href":"https:\/\/www.almargenweb.com.ar\/web\/wp-json\/wp\/v2\/categories?post=37330"},{"taxonomy":"post_tag","embeddable":true,"href":"https:\/\/www.almargenweb.com.ar\/web\/wp-json\/wp\/v2\/tags?post=37330"}],"curies":[{"name":"wp","href":"https:\/\/api.w.org\/{rel}","templated":true}]}}