{"id":37318,"date":"2022-05-30T14:25:29","date_gmt":"2022-05-30T17:25:29","guid":{"rendered":"http:\/\/www.almargenweb.com.ar\/web\/?p=37318"},"modified":"2022-05-30T14:25:30","modified_gmt":"2022-05-30T17:25:30","slug":"seis-de-cada-diez-argentinos-no-se-aplicaron-la-dosis-de-refuerzo-contra-la-covid-19","status":"publish","type":"post","link":"https:\/\/www.almargenweb.com.ar\/web\/seis-de-cada-diez-argentinos-no-se-aplicaron-la-dosis-de-refuerzo-contra-la-covid-19\/","title":{"rendered":"Seis de cada diez argentinos no se aplicaron la dosis de refuerzo contra la Covid-19"},"content":{"rendered":"\n<p>Si bien m\u00e1s del 80% de la poblaci\u00f3n argentina complet\u00f3 el esquema primario de vacunaci\u00f3n contra la Covid-19, s\u00f3lo el 40,7% se dio la primera dosis de refuerzo, seg\u00fan los \u00faltimos datos consignados por el Ministerio de Salud.<\/p>\n\n\n\n<p>La dosis de refuerzo una herramienta clave para fortalecer la producci\u00f3n de anticuerpos en el contexto de la nueva ola de casos que atraviesa el pa\u00eds, indicaron especialistas.<\/p>\n\n\n\n<p>En la poblaci\u00f3n mayor de 50 a\u00f1os, que es la que representa el 90% de las muertes por Covid, el 96,4% inici\u00f3 su esquema, el 94,2% lo complet\u00f3 y s\u00f3lo el 67,2% aplic\u00f3 su primera dosis de refuerzo.<\/p>\n\n\n\n<p>En los adolescentes, la cobertura con esquema primario tambi\u00e9n es alta (el 92,4% inici\u00f3 su esquema y el 80,2% lo complet\u00f3), pero la dosis de refuerzo es considerablemente menor: s\u00f3lo se la aplic\u00f3 el 29,2%.<\/p>\n\n\n\n<p>Con las vacunas disponibles, la falta de aplicaci\u00f3n de las dosis de refuerzos es un tema que preocupa a los especialistas de distintas \u00e1reas; todav\u00eda hay 14 millones de personas que completaron su esquema inicial hace m\u00e1s de cuatro meses y no se lo aplicaron.<\/p>\n<!-- AddThis Advanced Settings generic via filter on the_content --><!-- AddThis Share Buttons generic via filter on the_content -->","protected":false},"excerpt":{"rendered":"<p>Si bien m\u00e1s del 80% de la poblaci\u00f3n argentina complet\u00f3 el esquema primario de vacunaci\u00f3n contra [&hellip;]<!-- AddThis Advanced Settings generic via filter on get_the_excerpt --><!-- AddThis Share Buttons generic via filter on get_the_excerpt --><\/p>\n","protected":false},"author":16,"featured_media":37320,"comment_status":"open","ping_status":"open","sticky":false,"template":"","format":"standard","meta":{"_seopress_robots_primary_cat":"none","_seopress_titles_title":"","_seopress_titles_desc":"","_seopress_robots_index":"","_themeisle_gutenberg_block_has_review":false,"footnotes":""},"categories":[2,164,140,15],"tags":[],"class_list":["post-37318","post","type-post","status-publish","format-standard","has-post-thumbnail","hentry","category-actualidad","category-ambiente","category-nacionales","category-salud"],"_links":{"self":[{"href":"https:\/\/www.almargenweb.com.ar\/web\/wp-json\/wp\/v2\/posts\/37318","targetHints":{"allow":["GET"]}}],"collection":[{"href":"https:\/\/www.almargenweb.com.ar\/web\/wp-json\/wp\/v2\/posts"}],"about":[{"href":"https:\/\/www.almargenweb.com.ar\/web\/wp-json\/wp\/v2\/types\/post"}],"author":[{"embeddable":true,"href":"https:\/\/www.almargenweb.com.ar\/web\/wp-json\/wp\/v2\/users\/16"}],"replies":[{"embeddable":true,"href":"https:\/\/www.almargenweb.com.ar\/web\/wp-json\/wp\/v2\/comments?post=37318"}],"version-history":[{"count":1,"href":"https:\/\/www.almargenweb.com.ar\/web\/wp-json\/wp\/v2\/posts\/37318\/revisions"}],"predecessor-version":[{"id":37321,"href":"https:\/\/www.almargenweb.com.ar\/web\/wp-json\/wp\/v2\/posts\/37318\/revisions\/37321"}],"wp:featuredmedia":[{"embeddable":true,"href":"https:\/\/www.almargenweb.com.ar\/web\/wp-json\/wp\/v2\/media\/37320"}],"wp:attachment":[{"href":"https:\/\/www.almargenweb.com.ar\/web\/wp-json\/wp\/v2\/media?parent=37318"}],"wp:term":[{"taxonomy":"category","embeddable":true,"href":"https:\/\/www.almargenweb.com.ar\/web\/wp-json\/wp\/v2\/categories?post=37318"},{"taxonomy":"post_tag","embeddable":true,"href":"https:\/\/www.almargenweb.com.ar\/web\/wp-json\/wp\/v2\/tags?post=37318"}],"curies":[{"name":"wp","href":"https:\/\/api.w.org\/{rel}","templated":true}]}}