{"id":37291,"date":"2022-05-24T17:38:22","date_gmt":"2022-05-24T20:38:22","guid":{"rendered":"http:\/\/www.almargenweb.com.ar\/web\/?p=37291"},"modified":"2022-05-24T17:40:53","modified_gmt":"2022-05-24T20:40:53","slug":"censo-agropecuario-la-cantidad-de-tambos-despierta-polemica","status":"publish","type":"post","link":"https:\/\/www.almargenweb.com.ar\/web\/censo-agropecuario-la-cantidad-de-tambos-despierta-polemica\/","title":{"rendered":"Censo Agropecuario; la cantidad de tambos despierta pol\u00e9mica"},"content":{"rendered":"\n<p>A trav\u00e9s del Censo Agropecuario, se relevaron un total de 7.069 tambos en la Argentina, donde se contabilizaron la existencia de casi 2,3 millones de bovinos lecheros.<\/p>\n\n\n\n<p>Con m\u00e1s de siete mil establecimientos productores de leche de vaca, el listado por provincia es encabezado por Santa Fe con 2.143 tambos, seguido por C\u00f3rdoba con 1.899, Buenos Aires con 1.4772 y Entre R\u00edos con 609 establecimientos.<\/p>\n\n\n\n<p>Los tambos contaron con 2.264.207 ejemplares bovinos de raza lechera: vacas en producci\u00f3n se contabilizaron 1.073.963 cabezas, otras 555 mil vaquillonas, 303 mil terneras y tambi\u00e9n 250 mil vacas secas.<\/p>\n\n\n\n<p>La ganader\u00eda bovina, caprina y ovina exhibe \u201cuna ca\u00edda importante\u201d respecto del relevamiento estad\u00edstico realizado en el 2002. <\/p>\n\n\n\n<p>Mientras que si creci\u00f3 en el caso av\u00edcola, que se duplic\u00f3, y tambi\u00e9n el porcino.<\/p>\n<!-- AddThis Advanced Settings generic via filter on the_content --><!-- AddThis Share Buttons generic via filter on the_content -->","protected":false},"excerpt":{"rendered":"<p>A trav\u00e9s del Censo Agropecuario, se relevaron un total de 7.069 tambos en la Argentina, donde [&hellip;]<!-- AddThis Advanced Settings generic via filter on get_the_excerpt --><!-- AddThis Share Buttons generic via filter on get_the_excerpt --><\/p>\n","protected":false},"author":16,"featured_media":37294,"comment_status":"open","ping_status":"open","sticky":false,"template":"","format":"standard","meta":{"_seopress_robots_primary_cat":"none","_seopress_titles_title":"","_seopress_titles_desc":"","_seopress_robots_index":"","_themeisle_gutenberg_block_has_review":false,"footnotes":""},"categories":[2,164,140],"tags":[],"class_list":["post-37291","post","type-post","status-publish","format-standard","has-post-thumbnail","hentry","category-actualidad","category-ambiente","category-nacionales"],"_links":{"self":[{"href":"https:\/\/www.almargenweb.com.ar\/web\/wp-json\/wp\/v2\/posts\/37291","targetHints":{"allow":["GET"]}}],"collection":[{"href":"https:\/\/www.almargenweb.com.ar\/web\/wp-json\/wp\/v2\/posts"}],"about":[{"href":"https:\/\/www.almargenweb.com.ar\/web\/wp-json\/wp\/v2\/types\/post"}],"author":[{"embeddable":true,"href":"https:\/\/www.almargenweb.com.ar\/web\/wp-json\/wp\/v2\/users\/16"}],"replies":[{"embeddable":true,"href":"https:\/\/www.almargenweb.com.ar\/web\/wp-json\/wp\/v2\/comments?post=37291"}],"version-history":[{"count":1,"href":"https:\/\/www.almargenweb.com.ar\/web\/wp-json\/wp\/v2\/posts\/37291\/revisions"}],"predecessor-version":[{"id":37293,"href":"https:\/\/www.almargenweb.com.ar\/web\/wp-json\/wp\/v2\/posts\/37291\/revisions\/37293"}],"wp:featuredmedia":[{"embeddable":true,"href":"https:\/\/www.almargenweb.com.ar\/web\/wp-json\/wp\/v2\/media\/37294"}],"wp:attachment":[{"href":"https:\/\/www.almargenweb.com.ar\/web\/wp-json\/wp\/v2\/media?parent=37291"}],"wp:term":[{"taxonomy":"category","embeddable":true,"href":"https:\/\/www.almargenweb.com.ar\/web\/wp-json\/wp\/v2\/categories?post=37291"},{"taxonomy":"post_tag","embeddable":true,"href":"https:\/\/www.almargenweb.com.ar\/web\/wp-json\/wp\/v2\/tags?post=37291"}],"curies":[{"name":"wp","href":"https:\/\/api.w.org\/{rel}","templated":true}]}}