{"id":37287,"date":"2022-05-24T17:11:46","date_gmt":"2022-05-24T20:11:46","guid":{"rendered":"http:\/\/www.almargenweb.com.ar\/web\/?p=37287"},"modified":"2022-05-24T17:11:47","modified_gmt":"2022-05-24T20:11:47","slug":"reapertura-de-paritarias-docentes-universitarios-paran-lunes-y-jueves","status":"publish","type":"post","link":"https:\/\/www.almargenweb.com.ar\/web\/reapertura-de-paritarias-docentes-universitarios-paran-lunes-y-jueves\/","title":{"rendered":"Reapertura de paritarias: docentes universitarios paran lunes y jueves"},"content":{"rendered":"\n<p>Exigen renegociar la pauta para mejorar el 41% firmado en el mes de marzo. El salario real retrocedi\u00f3 un 27% desde 2015.<\/p>\n\n\n\n<p>El reclamo de los docentes universitarios agrupados en la CONADU Hist\u00f3rica apunta a la inmediata reapertura de las negociaciones salariales que en marzo hab\u00edan concluido con un acuerdo con una suba del 41% anual en cuotas con una revisi\u00f3n pautada para el mes de septiembre.<\/p>\n\n\n\n<p>Seg\u00fan estimaciones sindicales propias, la ca\u00edda del salario real del sector acumula un 27% desde el a\u00f1o 2015.<\/p>\n\n\n\n<p>El plenario de secretarios generales de la CONADU Hist\u00f3rica defini\u00f3 la continuidad del plan de lucha que comenz\u00f3 el viernes pasado con un paro de 24 horas que tuvo un alta acatamiento.<\/p>\n\n\n\n<p>El c\u00f3nclave que re\u00fane a los representantes de 27 asociaciones de base de diferentes universidades nacionales resolvi\u00f3 profundizar las medidas, ahora, con un paro de 48 horas que se concretar\u00e1 el lunes 23 y jueves 26 de mayo.<\/p>\n\n\n\n<p><\/p>\n<!-- AddThis Advanced Settings generic via filter on the_content --><!-- AddThis Share Buttons generic via filter on the_content -->","protected":false},"excerpt":{"rendered":"<p>Exigen renegociar la pauta para mejorar el 41% firmado en el mes de marzo. El salario [&hellip;]<!-- AddThis Advanced Settings generic via filter on get_the_excerpt --><!-- AddThis Share Buttons generic via filter on get_the_excerpt --><\/p>\n","protected":false},"author":16,"featured_media":37289,"comment_status":"open","ping_status":"open","sticky":false,"template":"","format":"standard","meta":{"_seopress_robots_primary_cat":"none","_seopress_titles_title":"","_seopress_titles_desc":"","_seopress_robots_index":"","_themeisle_gutenberg_block_has_review":false,"footnotes":""},"categories":[2,164,19],"tags":[],"class_list":["post-37287","post","type-post","status-publish","format-standard","has-post-thumbnail","hentry","category-actualidad","category-ambiente","category-educacion"],"_links":{"self":[{"href":"https:\/\/www.almargenweb.com.ar\/web\/wp-json\/wp\/v2\/posts\/37287","targetHints":{"allow":["GET"]}}],"collection":[{"href":"https:\/\/www.almargenweb.com.ar\/web\/wp-json\/wp\/v2\/posts"}],"about":[{"href":"https:\/\/www.almargenweb.com.ar\/web\/wp-json\/wp\/v2\/types\/post"}],"author":[{"embeddable":true,"href":"https:\/\/www.almargenweb.com.ar\/web\/wp-json\/wp\/v2\/users\/16"}],"replies":[{"embeddable":true,"href":"https:\/\/www.almargenweb.com.ar\/web\/wp-json\/wp\/v2\/comments?post=37287"}],"version-history":[{"count":1,"href":"https:\/\/www.almargenweb.com.ar\/web\/wp-json\/wp\/v2\/posts\/37287\/revisions"}],"predecessor-version":[{"id":37290,"href":"https:\/\/www.almargenweb.com.ar\/web\/wp-json\/wp\/v2\/posts\/37287\/revisions\/37290"}],"wp:featuredmedia":[{"embeddable":true,"href":"https:\/\/www.almargenweb.com.ar\/web\/wp-json\/wp\/v2\/media\/37289"}],"wp:attachment":[{"href":"https:\/\/www.almargenweb.com.ar\/web\/wp-json\/wp\/v2\/media?parent=37287"}],"wp:term":[{"taxonomy":"category","embeddable":true,"href":"https:\/\/www.almargenweb.com.ar\/web\/wp-json\/wp\/v2\/categories?post=37287"},{"taxonomy":"post_tag","embeddable":true,"href":"https:\/\/www.almargenweb.com.ar\/web\/wp-json\/wp\/v2\/tags?post=37287"}],"curies":[{"name":"wp","href":"https:\/\/api.w.org\/{rel}","templated":true}]}}