{"id":37282,"date":"2022-05-24T16:25:31","date_gmt":"2022-05-24T19:25:31","guid":{"rendered":"http:\/\/www.almargenweb.com.ar\/web\/?p=37282"},"modified":"2022-05-24T16:25:33","modified_gmt":"2022-05-24T19:25:33","slug":"el-tiempo-un-martes-con-cielo-nuboso-y-anuncio-de-lluvias-para-hoy-y-manana","status":"publish","type":"post","link":"https:\/\/www.almargenweb.com.ar\/web\/el-tiempo-un-martes-con-cielo-nuboso-y-anuncio-de-lluvias-para-hoy-y-manana\/","title":{"rendered":"El tiempo: un martes con cielo nuboso y anuncio de lluvias para hoy y ma\u00f1ana"},"content":{"rendered":"\n<p>Seg\u00fan el pron\u00f3stico del Servicio Meteorol\u00f3gico Nacional, a partir de ma\u00f1ana llegar\u00e1 un nuevo frente fr\u00edo, con m\u00ednimas por debajo de los 8 o 9 grados durante varios d\u00edas.<\/p>\n\n\n\n<p>Desde la tarde de hoy martes, se espera que puedan empezar a ocurrir lluvias en la ciudad de esperanza e incluso algunas tormentas en la zona.<\/p>\n\n\n\n<p>Para ma\u00f1ana mi\u00e9rcoles, d\u00eda feriado nacional por el D\u00eda de la Revoluci\u00f3n de Mayo, se ratifica que seguir\u00e1 el mal tiempo durante todo el d\u00eda y se espera la llegada de un nuevo frente fr\u00edo. <\/p>\n\n\n\n<p>En ese sentido, el SMN se\u00f1ala que la m\u00ednima y m\u00e1xima se ubicar\u00e1n entre los 11 y 17 grados, respectivamente.<\/p>\n\n\n\n<p>El jueves comenzar\u00e1 el descenso de la temperatura. El viernes y s\u00e1bado continuar\u00e1n inestables las condiciones y pueden llegar a ocurrir algunas lluvias o gar\u00faas.<\/p>\n\n\n\n<p>La temperatura m\u00ednima el jueves ser\u00e1 de 9\u00b0 y una m\u00e1xima de 16\u00b0.<\/p>\n<!-- AddThis Advanced Settings generic via filter on the_content --><!-- AddThis Share Buttons generic via filter on the_content -->","protected":false},"excerpt":{"rendered":"<p>Seg\u00fan el pron\u00f3stico del Servicio Meteorol\u00f3gico Nacional, a partir de ma\u00f1ana llegar\u00e1 un nuevo frente fr\u00edo, [&hellip;]<!-- AddThis Advanced Settings generic via filter on get_the_excerpt --><!-- AddThis Share Buttons generic via filter on get_the_excerpt --><\/p>\n","protected":false},"author":16,"featured_media":37284,"comment_status":"open","ping_status":"open","sticky":false,"template":"","format":"standard","meta":{"_seopress_robots_primary_cat":"none","_seopress_titles_title":"","_seopress_titles_desc":"","_seopress_robots_index":"","_themeisle_gutenberg_block_has_review":false,"footnotes":""},"categories":[2,164,47,29],"tags":[],"class_list":["post-37282","post","type-post","status-publish","format-standard","has-post-thumbnail","hentry","category-actualidad","category-ambiente","category-locales","category-regionales"],"_links":{"self":[{"href":"https:\/\/www.almargenweb.com.ar\/web\/wp-json\/wp\/v2\/posts\/37282","targetHints":{"allow":["GET"]}}],"collection":[{"href":"https:\/\/www.almargenweb.com.ar\/web\/wp-json\/wp\/v2\/posts"}],"about":[{"href":"https:\/\/www.almargenweb.com.ar\/web\/wp-json\/wp\/v2\/types\/post"}],"author":[{"embeddable":true,"href":"https:\/\/www.almargenweb.com.ar\/web\/wp-json\/wp\/v2\/users\/16"}],"replies":[{"embeddable":true,"href":"https:\/\/www.almargenweb.com.ar\/web\/wp-json\/wp\/v2\/comments?post=37282"}],"version-history":[{"count":1,"href":"https:\/\/www.almargenweb.com.ar\/web\/wp-json\/wp\/v2\/posts\/37282\/revisions"}],"predecessor-version":[{"id":37285,"href":"https:\/\/www.almargenweb.com.ar\/web\/wp-json\/wp\/v2\/posts\/37282\/revisions\/37285"}],"wp:featuredmedia":[{"embeddable":true,"href":"https:\/\/www.almargenweb.com.ar\/web\/wp-json\/wp\/v2\/media\/37284"}],"wp:attachment":[{"href":"https:\/\/www.almargenweb.com.ar\/web\/wp-json\/wp\/v2\/media?parent=37282"}],"wp:term":[{"taxonomy":"category","embeddable":true,"href":"https:\/\/www.almargenweb.com.ar\/web\/wp-json\/wp\/v2\/categories?post=37282"},{"taxonomy":"post_tag","embeddable":true,"href":"https:\/\/www.almargenweb.com.ar\/web\/wp-json\/wp\/v2\/tags?post=37282"}],"curies":[{"name":"wp","href":"https:\/\/api.w.org\/{rel}","templated":true}]}}