{"id":37261,"date":"2022-05-20T09:46:55","date_gmt":"2022-05-20T12:46:55","guid":{"rendered":"http:\/\/www.almargenweb.com.ar\/web\/?p=37261"},"modified":"2022-05-20T09:46:56","modified_gmt":"2022-05-20T12:46:56","slug":"nuevos-billetes-que-tendran-imagenes-de-proceres-y-paridad-de-genero","status":"publish","type":"post","link":"https:\/\/www.almargenweb.com.ar\/web\/nuevos-billetes-que-tendran-imagenes-de-proceres-y-paridad-de-genero\/","title":{"rendered":"Nuevos billetes que tendr\u00e1n im\u00e1genes de pr\u00f3ceres y paridad de g\u00e9nero"},"content":{"rendered":"\n<p>El gobierno nacional presentar\u00e1 el pr\u00f3ximo lunes 23 de mayo los nuevos billetes que reemplazar\u00e1n a los que eran ilustrados con im\u00e1genes de animales.<\/p>\n\n\n\n<p>El cambio m\u00e1s significativo ser\u00e1 el regreso de los pr\u00f3ceres de la Naci\u00f3n que ser\u00e1n elegidos con un criterio de paridad de g\u00e9nero.<\/p>\n\n\n\n<p>Desde el Banco Central de la Rep\u00fablica Argentina (BCRA) confirmaron este jueves que el billete de mayor denominaci\u00f3n seguir\u00e1 siendo el de $1000.<\/p>\n\n\n\n<p>Entre los pr\u00f3ceres confirmados se encuentran Jos\u00e9 de San Mart\u00edn, Manuel Belgrano, Juana Azurduy y Miguel de G\u00fcemes.<\/p>\n\n\n\n<p><\/p>\n<!-- AddThis Advanced Settings generic via filter on the_content --><!-- AddThis Share Buttons generic via filter on the_content -->","protected":false},"excerpt":{"rendered":"<p>El gobierno nacional presentar\u00e1 el pr\u00f3ximo lunes 23 de mayo los nuevos billetes que reemplazar\u00e1n a [&hellip;]<!-- AddThis Advanced Settings generic via filter on get_the_excerpt --><!-- AddThis Share Buttons generic via filter on get_the_excerpt --><\/p>\n","protected":false},"author":16,"featured_media":37263,"comment_status":"open","ping_status":"open","sticky":false,"template":"","format":"standard","meta":{"_seopress_robots_primary_cat":"none","_seopress_titles_title":"","_seopress_titles_desc":"","_seopress_robots_index":"","_themeisle_gutenberg_block_has_review":false,"footnotes":""},"categories":[2,164,5,140,9],"tags":[],"class_list":["post-37261","post","type-post","status-publish","format-standard","has-post-thumbnail","hentry","category-actualidad","category-ambiente","category-economia","category-nacionales","category-politica"],"_links":{"self":[{"href":"https:\/\/www.almargenweb.com.ar\/web\/wp-json\/wp\/v2\/posts\/37261","targetHints":{"allow":["GET"]}}],"collection":[{"href":"https:\/\/www.almargenweb.com.ar\/web\/wp-json\/wp\/v2\/posts"}],"about":[{"href":"https:\/\/www.almargenweb.com.ar\/web\/wp-json\/wp\/v2\/types\/post"}],"author":[{"embeddable":true,"href":"https:\/\/www.almargenweb.com.ar\/web\/wp-json\/wp\/v2\/users\/16"}],"replies":[{"embeddable":true,"href":"https:\/\/www.almargenweb.com.ar\/web\/wp-json\/wp\/v2\/comments?post=37261"}],"version-history":[{"count":1,"href":"https:\/\/www.almargenweb.com.ar\/web\/wp-json\/wp\/v2\/posts\/37261\/revisions"}],"predecessor-version":[{"id":37264,"href":"https:\/\/www.almargenweb.com.ar\/web\/wp-json\/wp\/v2\/posts\/37261\/revisions\/37264"}],"wp:featuredmedia":[{"embeddable":true,"href":"https:\/\/www.almargenweb.com.ar\/web\/wp-json\/wp\/v2\/media\/37263"}],"wp:attachment":[{"href":"https:\/\/www.almargenweb.com.ar\/web\/wp-json\/wp\/v2\/media?parent=37261"}],"wp:term":[{"taxonomy":"category","embeddable":true,"href":"https:\/\/www.almargenweb.com.ar\/web\/wp-json\/wp\/v2\/categories?post=37261"},{"taxonomy":"post_tag","embeddable":true,"href":"https:\/\/www.almargenweb.com.ar\/web\/wp-json\/wp\/v2\/tags?post=37261"}],"curies":[{"name":"wp","href":"https:\/\/api.w.org\/{rel}","templated":true}]}}