{"id":37245,"date":"2022-05-17T14:29:30","date_gmt":"2022-05-17T17:29:30","guid":{"rendered":"http:\/\/www.almargenweb.com.ar\/web\/?p=37245"},"modified":"2022-05-17T14:29:32","modified_gmt":"2022-05-17T17:29:32","slug":"desigualdad-educativa-en-secundarios-estatales-solo-se-gradua-el-36-de-los-alumnos-y-en-privados-el-63","status":"publish","type":"post","link":"https:\/\/www.almargenweb.com.ar\/web\/desigualdad-educativa-en-secundarios-estatales-solo-se-gradua-el-36-de-los-alumnos-y-en-privados-el-63\/","title":{"rendered":"Desigualdad educativa: en secundarios estatales s\u00f3lo se grad\u00faa el 36% de los alumnos y en privados, el 63%"},"content":{"rendered":"\n<p>Un nuevo informe confirma, una vez m\u00e1s, la brecha entre las y los estudiantes a la hora de egresar: s\u00f3lo se grad\u00faan el 36 por ciento de quienes ingresan a escuelas estatales y en privados, el 63 por ciento.<\/p>\n\n\n\n<p>El estudio tom\u00f3 en cuenta los 848.303 alumnos que comenzaron primer a\u00f1o del colegio secundario en 2014. S\u00f3lo 366.137, es decir el 43,2%, lo finaliz\u00f3 seis a\u00f1os despu\u00e9s, en 2019. <\/p>\n\n\n\n<p>Es la conclusi\u00f3n del reciente informe del Centro de Estudios de la Educaci\u00f3n Argentina (CEA) de la Universidad de Belgrano y se basa en la \u00faltima informaci\u00f3n disponible del Ministerio de Educaci\u00f3n, explican desde la instituci\u00f3n.<\/p>\n\n\n\n<p>La Rioja gradu\u00f3 al 58 por ciento de sus alumnos secundarios en el lapso estudiado; la ciudad de Buenos Aires lo hizo con el 54 por ciento, y San Luis, con el 52 por ciento. <\/p>\n\n\n\n<p>Mientras tanto, en Santa Fe esa cifra fue de apenas 31 por ciento; en Santa Cruz, de 35 por ciento, y en Salta, de 36 por ciento.<\/p>\n<!-- AddThis Advanced Settings generic via filter on the_content --><!-- AddThis Share Buttons generic via filter on the_content -->","protected":false},"excerpt":{"rendered":"<p>Un nuevo informe confirma, una vez m\u00e1s, la brecha entre las y los estudiantes a la [&hellip;]<!-- AddThis Advanced Settings generic via filter on get_the_excerpt --><!-- AddThis Share Buttons generic via filter on get_the_excerpt --><\/p>\n","protected":false},"author":16,"featured_media":37247,"comment_status":"open","ping_status":"open","sticky":false,"template":"","format":"standard","meta":{"_seopress_robots_primary_cat":"none","_seopress_titles_title":"","_seopress_titles_desc":"","_seopress_robots_index":"","_themeisle_gutenberg_block_has_review":false,"footnotes":""},"categories":[2,19],"tags":[],"class_list":["post-37245","post","type-post","status-publish","format-standard","has-post-thumbnail","hentry","category-actualidad","category-educacion"],"_links":{"self":[{"href":"https:\/\/www.almargenweb.com.ar\/web\/wp-json\/wp\/v2\/posts\/37245","targetHints":{"allow":["GET"]}}],"collection":[{"href":"https:\/\/www.almargenweb.com.ar\/web\/wp-json\/wp\/v2\/posts"}],"about":[{"href":"https:\/\/www.almargenweb.com.ar\/web\/wp-json\/wp\/v2\/types\/post"}],"author":[{"embeddable":true,"href":"https:\/\/www.almargenweb.com.ar\/web\/wp-json\/wp\/v2\/users\/16"}],"replies":[{"embeddable":true,"href":"https:\/\/www.almargenweb.com.ar\/web\/wp-json\/wp\/v2\/comments?post=37245"}],"version-history":[{"count":1,"href":"https:\/\/www.almargenweb.com.ar\/web\/wp-json\/wp\/v2\/posts\/37245\/revisions"}],"predecessor-version":[{"id":37248,"href":"https:\/\/www.almargenweb.com.ar\/web\/wp-json\/wp\/v2\/posts\/37245\/revisions\/37248"}],"wp:featuredmedia":[{"embeddable":true,"href":"https:\/\/www.almargenweb.com.ar\/web\/wp-json\/wp\/v2\/media\/37247"}],"wp:attachment":[{"href":"https:\/\/www.almargenweb.com.ar\/web\/wp-json\/wp\/v2\/media?parent=37245"}],"wp:term":[{"taxonomy":"category","embeddable":true,"href":"https:\/\/www.almargenweb.com.ar\/web\/wp-json\/wp\/v2\/categories?post=37245"},{"taxonomy":"post_tag","embeddable":true,"href":"https:\/\/www.almargenweb.com.ar\/web\/wp-json\/wp\/v2\/tags?post=37245"}],"curies":[{"name":"wp","href":"https:\/\/api.w.org\/{rel}","templated":true}]}}