{"id":37213,"date":"2022-05-13T15:18:47","date_gmt":"2022-05-13T18:18:47","guid":{"rendered":"http:\/\/www.almargenweb.com.ar\/web\/?p=37213"},"modified":"2022-05-13T15:18:48","modified_gmt":"2022-05-13T18:18:48","slug":"regresa-el-vacunatorio-al-campus-fave-y-otras-dependencias-de-la-unl","status":"publish","type":"post","link":"https:\/\/www.almargenweb.com.ar\/web\/regresa-el-vacunatorio-al-campus-fave-y-otras-dependencias-de-la-unl\/","title":{"rendered":"Regresa el vacunatorio al Campus Fave y otras dependencias de la UNL"},"content":{"rendered":"\n<p>Tras una exitosa primera etapa de atenci\u00f3n, en la que se aplicaron m\u00e1s de 3.300 dosis, vuelven a funcionar los vacunatorios en instalaciones de la Universidad Nacional del Litoral (UNL).<\/p>\n\n\n\n<p>No es necesario sacar turno previo y est\u00e1 destinado, principalmente, a las y los integrantes de la Comunidad UNL, pero tambi\u00e9n puede acercarse p\u00fablico en general. <\/p>\n\n\n\n<p>Cabe se\u00f1alar que en este espacio se colocar\u00e1n tambi\u00e9n las vacunas contra la Hepatitis A y Hepatitis B, la doble bacteriana (difteria y t\u00e9tanos) y la doble viral (sarampi\u00f3n y rubeola).<\/p>\n\n\n\n<p>Se brindar\u00e1 atenci\u00f3n los jueves 12, 19 y 26 de mayo, de 7 a 13.30, en el Centro de Salud del predio donde funcionan FCV y FCA (RP Kreder 2805).<\/p>\n<!-- AddThis Advanced Settings generic via filter on the_content --><!-- AddThis Share Buttons generic via filter on the_content -->","protected":false},"excerpt":{"rendered":"<p>Tras una exitosa primera etapa de atenci\u00f3n, en la que se aplicaron m\u00e1s de 3.300 dosis, [&hellip;]<!-- AddThis Advanced Settings generic via filter on get_the_excerpt --><!-- AddThis Share Buttons generic via filter on get_the_excerpt --><\/p>\n","protected":false},"author":16,"featured_media":37215,"comment_status":"open","ping_status":"open","sticky":false,"template":"","format":"standard","meta":{"_seopress_robots_primary_cat":"none","_seopress_titles_title":"","_seopress_titles_desc":"","_seopress_robots_index":"","_themeisle_gutenberg_block_has_review":false,"footnotes":""},"categories":[2,164,21,47,29,15],"tags":[],"class_list":["post-37213","post","type-post","status-publish","format-standard","has-post-thumbnail","hentry","category-actualidad","category-ambiente","category-las-colonias","category-locales","category-regionales","category-salud"],"_links":{"self":[{"href":"https:\/\/www.almargenweb.com.ar\/web\/wp-json\/wp\/v2\/posts\/37213","targetHints":{"allow":["GET"]}}],"collection":[{"href":"https:\/\/www.almargenweb.com.ar\/web\/wp-json\/wp\/v2\/posts"}],"about":[{"href":"https:\/\/www.almargenweb.com.ar\/web\/wp-json\/wp\/v2\/types\/post"}],"author":[{"embeddable":true,"href":"https:\/\/www.almargenweb.com.ar\/web\/wp-json\/wp\/v2\/users\/16"}],"replies":[{"embeddable":true,"href":"https:\/\/www.almargenweb.com.ar\/web\/wp-json\/wp\/v2\/comments?post=37213"}],"version-history":[{"count":1,"href":"https:\/\/www.almargenweb.com.ar\/web\/wp-json\/wp\/v2\/posts\/37213\/revisions"}],"predecessor-version":[{"id":37216,"href":"https:\/\/www.almargenweb.com.ar\/web\/wp-json\/wp\/v2\/posts\/37213\/revisions\/37216"}],"wp:featuredmedia":[{"embeddable":true,"href":"https:\/\/www.almargenweb.com.ar\/web\/wp-json\/wp\/v2\/media\/37215"}],"wp:attachment":[{"href":"https:\/\/www.almargenweb.com.ar\/web\/wp-json\/wp\/v2\/media?parent=37213"}],"wp:term":[{"taxonomy":"category","embeddable":true,"href":"https:\/\/www.almargenweb.com.ar\/web\/wp-json\/wp\/v2\/categories?post=37213"},{"taxonomy":"post_tag","embeddable":true,"href":"https:\/\/www.almargenweb.com.ar\/web\/wp-json\/wp\/v2\/tags?post=37213"}],"curies":[{"name":"wp","href":"https:\/\/api.w.org\/{rel}","templated":true}]}}