{"id":37196,"date":"2022-05-10T11:10:36","date_gmt":"2022-05-10T14:10:36","guid":{"rendered":"http:\/\/www.almargenweb.com.ar\/web\/?p=37196"},"modified":"2022-05-10T11:10:37","modified_gmt":"2022-05-10T14:10:37","slug":"cammisi-en-el-municipio-pidio-mas-seguridad-para-el-barrio-la-orilla","status":"publish","type":"post","link":"https:\/\/www.almargenweb.com.ar\/web\/cammisi-en-el-municipio-pidio-mas-seguridad-para-el-barrio-la-orilla\/","title":{"rendered":"Cammisi en el Municipio, pidi\u00f3 mas seguridad para el barrio La Orilla"},"content":{"rendered":"\n<p>El concejal de Juntos por el Cambio, Cristian Cammisi, pide una vez m\u00e1s respuestas al Municipio y a la provincia por los constantes hechos de inseguridad en la ciudad de Esperanza.<\/p>\n\n\n\n<p>\u201cA diario nos enteramos de robos en distintas modalidades y en este caso un nuevo hecho contra la escuela primaria de La Orilla, dejando a los chicos sin clases\u201d, expres\u00f3 en relaci\u00f3n al robo de cables que fue detectado esta ma\u00f1ana por las porteras.<\/p>\n\n\n\n<p>\u201cEl Estado debe garantizar que los chicos est\u00e9n en la escuela y en este caso no lo est\u00e1n cumpliendo\u201d agreg\u00f3 Cammisi durante la conferencia de prensa que brindo en las escalinatas municipal. <\/p>\n\n\n\n<p>El edil pidi\u00f3 por la instalaci\u00f3n de c\u00e1maras de seguridad, del Centro de Monitoreo, para la zona comprendida en el barrio La Orilla. Tambi\u00e9n iinsisti\u00f3 en la necesidad de gestionar mas personal policial para la Subcomisar\u00eda del barrio.<\/p>\n\n\n\n<p>En la ocasi\u00f3n, Cammisi record\u00f3 el pedido de audiencia con el Ministro de Seguridad de la provincia por &#8220;los constantes robos que afectan a Esperanza y todav\u00eda no tuvimos respuesta\u201d concluy\u00f3 el concejal.<\/p>\n<!-- AddThis Advanced Settings generic via filter on the_content --><!-- AddThis Share Buttons generic via filter on the_content -->","protected":false},"excerpt":{"rendered":"<p>El concejal de Juntos por el Cambio, Cristian Cammisi, pide una vez m\u00e1s respuestas al Municipio [&hellip;]<!-- AddThis Advanced Settings generic via filter on get_the_excerpt --><!-- AddThis Share Buttons generic via filter on get_the_excerpt --><\/p>\n","protected":false},"author":16,"featured_media":37198,"comment_status":"open","ping_status":"open","sticky":false,"template":"","format":"standard","meta":{"_seopress_robots_primary_cat":"none","_seopress_titles_title":"","_seopress_titles_desc":"","_seopress_robots_index":"","_themeisle_gutenberg_block_has_review":false,"footnotes":""},"categories":[2,164,21,47,9],"tags":[],"class_list":["post-37196","post","type-post","status-publish","format-standard","has-post-thumbnail","hentry","category-actualidad","category-ambiente","category-las-colonias","category-locales","category-politica"],"_links":{"self":[{"href":"https:\/\/www.almargenweb.com.ar\/web\/wp-json\/wp\/v2\/posts\/37196","targetHints":{"allow":["GET"]}}],"collection":[{"href":"https:\/\/www.almargenweb.com.ar\/web\/wp-json\/wp\/v2\/posts"}],"about":[{"href":"https:\/\/www.almargenweb.com.ar\/web\/wp-json\/wp\/v2\/types\/post"}],"author":[{"embeddable":true,"href":"https:\/\/www.almargenweb.com.ar\/web\/wp-json\/wp\/v2\/users\/16"}],"replies":[{"embeddable":true,"href":"https:\/\/www.almargenweb.com.ar\/web\/wp-json\/wp\/v2\/comments?post=37196"}],"version-history":[{"count":1,"href":"https:\/\/www.almargenweb.com.ar\/web\/wp-json\/wp\/v2\/posts\/37196\/revisions"}],"predecessor-version":[{"id":37199,"href":"https:\/\/www.almargenweb.com.ar\/web\/wp-json\/wp\/v2\/posts\/37196\/revisions\/37199"}],"wp:featuredmedia":[{"embeddable":true,"href":"https:\/\/www.almargenweb.com.ar\/web\/wp-json\/wp\/v2\/media\/37198"}],"wp:attachment":[{"href":"https:\/\/www.almargenweb.com.ar\/web\/wp-json\/wp\/v2\/media?parent=37196"}],"wp:term":[{"taxonomy":"category","embeddable":true,"href":"https:\/\/www.almargenweb.com.ar\/web\/wp-json\/wp\/v2\/categories?post=37196"},{"taxonomy":"post_tag","embeddable":true,"href":"https:\/\/www.almargenweb.com.ar\/web\/wp-json\/wp\/v2\/tags?post=37196"}],"curies":[{"name":"wp","href":"https:\/\/api.w.org\/{rel}","templated":true}]}}