{"id":37192,"date":"2022-05-09T15:29:25","date_gmt":"2022-05-09T18:29:25","guid":{"rendered":"http:\/\/www.almargenweb.com.ar\/web\/?p=37192"},"modified":"2022-05-09T15:29:26","modified_gmt":"2022-05-09T18:29:26","slug":"el-primer-encuentro-nacional-de-evolucion-radical-tuvo-cita-en-santa-fe","status":"publish","type":"post","link":"https:\/\/www.almargenweb.com.ar\/web\/el-primer-encuentro-nacional-de-evolucion-radical-tuvo-cita-en-santa-fe\/","title":{"rendered":"El primer encuentro nacional de Evoluci\u00f3n Radical tuvo cita en Santa Fe"},"content":{"rendered":"\n<p>Evoluci\u00f3n Radical, el espacio pol\u00edtico liderado por Mart\u00edn Lousteau y cuyo referente en Santa Fe es Maximiliano Pullaro, tuvo su primer encuentro nacional en Santa Fe como demostraci\u00f3n de respaldo al radicalismo local y para seguir fortaleciendo Juntos por el Cambio.<\/p>\n\n\n\n<p>La apertura del panel de presentaci\u00f3n estuvo a cargo del flamante presidente de la Uni\u00f3n C\u00edvica Radical a nivel provincial, el Senador Felipe Michlig, quien sostuvo un tono euf\u00f3rico y militante para entusiasmar a las m\u00e1s de tres mil personas que se dieron cita en el Camping de UPCN de la costa santafesina.<\/p>\n\n\n\n<p>\u201cEsta es una caricia al Alma, es un reverdecer de nuestra querida UCR. Vamos a militar por las ideas, vamos a trabajar como nos ense\u00f1\u00f3 Ra\u00fal Alfons\u00edn, para darle a los argentinos el gobierno que se merece, y en Santa Fe con Maxi Pullaro, para recuperar la capacidad de gesti\u00f3n que los santafesinos necesitamos\u201d, dijo Michlig.<\/p>\n\n\n\n<p>\u201cEste es el marco ideal para demostrar que es posible un futuro diferente para la provincia de Santa Fe y para la Rep\u00fablica Argentina\u201d, se anim\u00f3 Pullaro, refiri\u00e9ndose a los miles de militantes que se congregaron.<\/p>\n\n\n\n<p>Al momento de tomar la palabra el orador principal del encuentro, el senador nacional por CABA, Mart\u00edn Lousteau, asegur\u00f3 que \u201cArgentina es un pa\u00eds trabado, inm\u00f3vil, por eso necesitamos evolucionar en la forma de hacer pol\u00edtica y ejercer los cargos p\u00fablicos. Hay que poner en movimiento al pa\u00eds.\u201d<\/p>\n\n\n\n<p>En un momento del discurso Lousteau se refiri\u00f3 a la paridad de g\u00e9nero y la lucha de las mujeres por la igualdad. &#8220;La agenda de g\u00e9nero, no es una cuesti\u00f3n de mujeres, es una agenda que debe ser tomada por cada uno de los dirigentes y legisladores de la Uni\u00f3n C\u00edvica Radical&#8221;, asever\u00f3 lo que despert\u00f3 uno de los tantos aplausos de la jornada.<\/p>\n<!-- AddThis Advanced Settings generic via filter on the_content --><!-- AddThis Share Buttons generic via filter on the_content -->","protected":false},"excerpt":{"rendered":"<p>Evoluci\u00f3n Radical, el espacio pol\u00edtico liderado por Mart\u00edn Lousteau y cuyo referente en Santa Fe es [&hellip;]<!-- AddThis Advanced Settings generic via filter on get_the_excerpt --><!-- AddThis Share Buttons generic via filter on get_the_excerpt --><\/p>\n","protected":false},"author":16,"featured_media":37194,"comment_status":"open","ping_status":"open","sticky":false,"template":"","format":"standard","meta":{"_seopress_robots_primary_cat":"none","_seopress_titles_title":"","_seopress_titles_desc":"","_seopress_robots_index":"","_themeisle_gutenberg_block_has_review":false,"footnotes":""},"categories":[2,164,9],"tags":[],"class_list":["post-37192","post","type-post","status-publish","format-standard","has-post-thumbnail","hentry","category-actualidad","category-ambiente","category-politica"],"_links":{"self":[{"href":"https:\/\/www.almargenweb.com.ar\/web\/wp-json\/wp\/v2\/posts\/37192","targetHints":{"allow":["GET"]}}],"collection":[{"href":"https:\/\/www.almargenweb.com.ar\/web\/wp-json\/wp\/v2\/posts"}],"about":[{"href":"https:\/\/www.almargenweb.com.ar\/web\/wp-json\/wp\/v2\/types\/post"}],"author":[{"embeddable":true,"href":"https:\/\/www.almargenweb.com.ar\/web\/wp-json\/wp\/v2\/users\/16"}],"replies":[{"embeddable":true,"href":"https:\/\/www.almargenweb.com.ar\/web\/wp-json\/wp\/v2\/comments?post=37192"}],"version-history":[{"count":1,"href":"https:\/\/www.almargenweb.com.ar\/web\/wp-json\/wp\/v2\/posts\/37192\/revisions"}],"predecessor-version":[{"id":37195,"href":"https:\/\/www.almargenweb.com.ar\/web\/wp-json\/wp\/v2\/posts\/37192\/revisions\/37195"}],"wp:featuredmedia":[{"embeddable":true,"href":"https:\/\/www.almargenweb.com.ar\/web\/wp-json\/wp\/v2\/media\/37194"}],"wp:attachment":[{"href":"https:\/\/www.almargenweb.com.ar\/web\/wp-json\/wp\/v2\/media?parent=37192"}],"wp:term":[{"taxonomy":"category","embeddable":true,"href":"https:\/\/www.almargenweb.com.ar\/web\/wp-json\/wp\/v2\/categories?post=37192"},{"taxonomy":"post_tag","embeddable":true,"href":"https:\/\/www.almargenweb.com.ar\/web\/wp-json\/wp\/v2\/tags?post=37192"}],"curies":[{"name":"wp","href":"https:\/\/api.w.org\/{rel}","templated":true}]}}