{"id":37170,"date":"2022-05-05T11:13:09","date_gmt":"2022-05-05T14:13:09","guid":{"rendered":"http:\/\/www.almargenweb.com.ar\/web\/?p=37170"},"modified":"2022-05-05T11:13:11","modified_gmt":"2022-05-05T14:13:11","slug":"alerta-sanitaria-cuales-son-los-sintomas-de-la-extrana-hepatitis-infantil","status":"publish","type":"post","link":"https:\/\/www.almargenweb.com.ar\/web\/alerta-sanitaria-cuales-son-los-sintomas-de-la-extrana-hepatitis-infantil\/","title":{"rendered":"Alerta sanitaria; cu\u00e1les son los s\u00edntomas de la extra\u00f1a hepatitis infantil"},"content":{"rendered":"\n<p>El Ministerio de Salud de la Naci\u00f3n informa que se detect\u00f3 en el Hospital de Ni\u00f1os de zona norte de la ciudad de Rosario, un cuadro de hepatitis aguda grave de origen desconocido en un paciente de 8 a\u00f1os; inform\u00f3 la cartera que encabeza la ministra Carla Vizzotti.<\/p>\n\n\n\n<p>Esta semana, la Organizaci\u00f3n Mundial de la Salud (OMS) registr\u00f3 cerca de 230 casos de una misteriosa hepatitis que afecta a ni\u00f1os en todo el mundo e inform\u00f3 que sigue recibiendo decenas de informes sobre nuevos contagios.<\/p>\n\n\n\n<p>Esta hepatitis produce ictericia, diarrea, v\u00f3mitos y dolores abdominales; en algunos casos han requerido un trasplante de h\u00edgado y al menos cuatro ni\u00f1os fallecieron.<\/p>\n\n\n\n<p>La mayor\u00eda de los casos se registran en Europa, sobre todo en el Reino Unido, pero el origen de estas hepatitis sigue siendo un misterio, ya que los virus comunes de la hepatitis no han sido registrados en ninguno de los casos.<\/p>\n\n\n\n<p>La hipotesis mas cercana a la resolucion del misterio podr\u00eda ser un pat\u00f3geno com\u00fan llamado adenovirus 41.  <\/p>\n\n\n\n<p>Los adenovirus, que son normalmente banales y provocan problemas respiratorios, conjuntivitis o trastornos digestivos, son m\u00e1s frecuentes en invierno y se transmiten f\u00e1cilmente en guarder\u00edas infantiles y escuelas.<\/p>\n\n\n\n<p>La mayor\u00eda de los seres humanos se infecta antes de los 5 a\u00f1os.<\/p>\n\n\n\n<p><\/p>\n<!-- AddThis Advanced Settings generic via filter on the_content --><!-- AddThis Share Buttons generic via filter on the_content -->","protected":false},"excerpt":{"rendered":"<p>El Ministerio de Salud de la Naci\u00f3n informa que se detect\u00f3 en el Hospital de Ni\u00f1os [&hellip;]<!-- AddThis Advanced Settings generic via filter on get_the_excerpt --><!-- AddThis Share Buttons generic via filter on get_the_excerpt --><\/p>\n","protected":false},"author":16,"featured_media":37172,"comment_status":"open","ping_status":"open","sticky":false,"template":"","format":"standard","meta":{"_seopress_robots_primary_cat":"none","_seopress_titles_title":"","_seopress_titles_desc":"","_seopress_robots_index":"","_themeisle_gutenberg_block_has_review":false,"footnotes":""},"categories":[2,29,15],"tags":[],"class_list":["post-37170","post","type-post","status-publish","format-standard","has-post-thumbnail","hentry","category-actualidad","category-regionales","category-salud"],"_links":{"self":[{"href":"https:\/\/www.almargenweb.com.ar\/web\/wp-json\/wp\/v2\/posts\/37170","targetHints":{"allow":["GET"]}}],"collection":[{"href":"https:\/\/www.almargenweb.com.ar\/web\/wp-json\/wp\/v2\/posts"}],"about":[{"href":"https:\/\/www.almargenweb.com.ar\/web\/wp-json\/wp\/v2\/types\/post"}],"author":[{"embeddable":true,"href":"https:\/\/www.almargenweb.com.ar\/web\/wp-json\/wp\/v2\/users\/16"}],"replies":[{"embeddable":true,"href":"https:\/\/www.almargenweb.com.ar\/web\/wp-json\/wp\/v2\/comments?post=37170"}],"version-history":[{"count":1,"href":"https:\/\/www.almargenweb.com.ar\/web\/wp-json\/wp\/v2\/posts\/37170\/revisions"}],"predecessor-version":[{"id":37173,"href":"https:\/\/www.almargenweb.com.ar\/web\/wp-json\/wp\/v2\/posts\/37170\/revisions\/37173"}],"wp:featuredmedia":[{"embeddable":true,"href":"https:\/\/www.almargenweb.com.ar\/web\/wp-json\/wp\/v2\/media\/37172"}],"wp:attachment":[{"href":"https:\/\/www.almargenweb.com.ar\/web\/wp-json\/wp\/v2\/media?parent=37170"}],"wp:term":[{"taxonomy":"category","embeddable":true,"href":"https:\/\/www.almargenweb.com.ar\/web\/wp-json\/wp\/v2\/categories?post=37170"},{"taxonomy":"post_tag","embeddable":true,"href":"https:\/\/www.almargenweb.com.ar\/web\/wp-json\/wp\/v2\/tags?post=37170"}],"curies":[{"name":"wp","href":"https:\/\/api.w.org\/{rel}","templated":true}]}}