{"id":37166,"date":"2022-05-04T11:46:09","date_gmt":"2022-05-04T14:46:09","guid":{"rendered":"http:\/\/www.almargenweb.com.ar\/web\/?p=37166"},"modified":"2022-05-04T11:46:10","modified_gmt":"2022-05-04T14:46:10","slug":"censo-digital-hasta-cuando-se-puede-completar-y-como-se-hace","status":"publish","type":"post","link":"https:\/\/www.almargenweb.com.ar\/web\/censo-digital-hasta-cuando-se-puede-completar-y-como-se-hace\/","title":{"rendered":"Censo digital: \u00bfhasta cu\u00e1ndo se puede completar y c\u00f3mo se hace?"},"content":{"rendered":"\n<p>El d\u00eda 18 de mayo se llevar\u00e1 adelante el censo nacional que estaba estipulado para realizarse durante el a\u00f1o 2020 pero se suspendi\u00f3 obligadamente por la pandemia.<\/p>\n\n\n\n<p>Para la realizaci\u00f3n del mismo se declar\u00f3 feriado nacional el 18 de este mes y se incluy\u00f3 la posibilidad de autocensarse de forma digital para adelantar el proceso.<\/p>\n\n\n\n<p>Las personas que decidan realizarlo de forma online tienen tiempo hasta el mi\u00e9rcoles 18 de mayo, fecha fijada para que los censistas concurran a cada domicilio para llevar adelante el cuestionario presencial.<\/p>\n\n\n\n<p>Ingresar al sitio web oficial del censo https:\/\/www.censo.gob.ar y seleccionar el bot\u00f3n &#8220;Censo digital&#8221;.<br>Luego, generar el c\u00f3digo \u00fanico de la vivienda.<br>La persona que lo gener\u00f3 y es la encargada de completar el cuestionario debe agregarse en la \u201cLista de personas del hogar\u201d, por lo que deber\u00e1 hacer clic en el bot\u00f3n \u201cAGREGAR PERSONA\u201d.<br>Al finalizar, el sistema expedir\u00e1 un comprobante de finalizaci\u00f3n del Censo digital (c\u00f3digo alfanum\u00e9rico de 6 d\u00edgitos). \u00c9ste deber\u00e1 ser guardado hasta el 18 de mayo, cuando se lo entregar\u00e1 al censista.<\/p>\n\n\n\n<p>De completar el censo digital, recibir\u00e1 un c\u00f3digo alfanum\u00e9rico que deber\u00e1 ser compartido con el censista que asista al hogar el d\u00eda del censo.<\/p>\n\n\n\n<p>De no completarlo previamente, deber\u00e1 responder las mismas preguntas a la persona que se presente de forma presencial.<\/p>\n<!-- AddThis Advanced Settings generic via filter on the_content --><!-- AddThis Share Buttons generic via filter on the_content -->","protected":false},"excerpt":{"rendered":"<p>El d\u00eda 18 de mayo se llevar\u00e1 adelante el censo nacional que estaba estipulado para realizarse [&hellip;]<!-- AddThis Advanced Settings generic via filter on get_the_excerpt --><!-- AddThis Share Buttons generic via filter on get_the_excerpt --><\/p>\n","protected":false},"author":16,"featured_media":37168,"comment_status":"open","ping_status":"open","sticky":false,"template":"","format":"standard","meta":{"_seopress_robots_primary_cat":"none","_seopress_titles_title":"","_seopress_titles_desc":"","_seopress_robots_index":"","_themeisle_gutenberg_block_has_review":false,"footnotes":""},"categories":[2,164,140],"tags":[],"class_list":["post-37166","post","type-post","status-publish","format-standard","has-post-thumbnail","hentry","category-actualidad","category-ambiente","category-nacionales"],"_links":{"self":[{"href":"https:\/\/www.almargenweb.com.ar\/web\/wp-json\/wp\/v2\/posts\/37166","targetHints":{"allow":["GET"]}}],"collection":[{"href":"https:\/\/www.almargenweb.com.ar\/web\/wp-json\/wp\/v2\/posts"}],"about":[{"href":"https:\/\/www.almargenweb.com.ar\/web\/wp-json\/wp\/v2\/types\/post"}],"author":[{"embeddable":true,"href":"https:\/\/www.almargenweb.com.ar\/web\/wp-json\/wp\/v2\/users\/16"}],"replies":[{"embeddable":true,"href":"https:\/\/www.almargenweb.com.ar\/web\/wp-json\/wp\/v2\/comments?post=37166"}],"version-history":[{"count":1,"href":"https:\/\/www.almargenweb.com.ar\/web\/wp-json\/wp\/v2\/posts\/37166\/revisions"}],"predecessor-version":[{"id":37169,"href":"https:\/\/www.almargenweb.com.ar\/web\/wp-json\/wp\/v2\/posts\/37166\/revisions\/37169"}],"wp:featuredmedia":[{"embeddable":true,"href":"https:\/\/www.almargenweb.com.ar\/web\/wp-json\/wp\/v2\/media\/37168"}],"wp:attachment":[{"href":"https:\/\/www.almargenweb.com.ar\/web\/wp-json\/wp\/v2\/media?parent=37166"}],"wp:term":[{"taxonomy":"category","embeddable":true,"href":"https:\/\/www.almargenweb.com.ar\/web\/wp-json\/wp\/v2\/categories?post=37166"},{"taxonomy":"post_tag","embeddable":true,"href":"https:\/\/www.almargenweb.com.ar\/web\/wp-json\/wp\/v2\/tags?post=37166"}],"curies":[{"name":"wp","href":"https:\/\/api.w.org\/{rel}","templated":true}]}}