{"id":37151,"date":"2022-05-02T12:17:35","date_gmt":"2022-05-02T15:17:35","guid":{"rendered":"http:\/\/www.almargenweb.com.ar\/web\/?p=37151"},"modified":"2022-05-02T12:19:41","modified_gmt":"2022-05-02T15:19:41","slug":"esperanza-el-concejo-aprobo-la-realizacion-de-un-estudio-integral-de-movilidad-solicitado-por-rodrigo-muller","status":"publish","type":"post","link":"https:\/\/www.almargenweb.com.ar\/web\/esperanza-el-concejo-aprobo-la-realizacion-de-un-estudio-integral-de-movilidad-solicitado-por-rodrigo-muller\/","title":{"rendered":"Esperanza: el Concejo aprob\u00f3 la realizaci\u00f3n de un estudio integral de movilidad solicitado por Rodrigo M\u00fcller"},"content":{"rendered":"\n<p>El Concejo Municipal aprob\u00f3 un proyecto presentado por Rodrigo M\u00fcller en el cual se solicita al Ejecutivo Municipal la realizaci\u00f3n de un estudio integral de movilidad para la ciudad de Esperanza, que incluye a peatones, motos, autos, colectivos, entre otros, con el objetivo de contar con datos base e informaci\u00f3n actualizada sobre la movilidad habitual de nuestra poblaci\u00f3n.<\/p>\n\n\n\n<p>Al respecto, el referente radical explic\u00f3 que \u201cel objetivo es tener los fundamentos para las posibles soluciones en el transporte, el tr\u00e1nsito, la seguridad vial, la sustentabilidad ambiental del sistema de transporte, brindando nuevas y mejores alternativas a la sociedad\u201d.<\/p>\n\n\n\n<p>Adem\u00e1s, el estudio permitir\u00e1 \u201cproporcionar herramientas y elementos en la tem\u00e1tica relacionada con el transporte, el tr\u00e1nsito, la seguridad vial y la problem\u00e1tica ambiental ocasionada por el sistema as\u00ed como tambi\u00e9n transferir al medio los avances en la tem\u00e1tica, contribuyendo a mejorar la transitabilidad\u201d, agreg\u00f3 el edil. <\/p>\n\n\n\n<figure class=\"wp-block-image size-large\"><img loading=\"lazy\" decoding=\"async\" width=\"1024\" height=\"683\" src=\"https:\/\/www.almargenweb.com.ar\/web\/wp-content\/uploads\/2022\/05\/WhatsApp-Image-2022-04-29-at-7.53.13-PM-1-1024x683.jpeg\" alt=\"\" class=\"wp-image-37155\" srcset=\"https:\/\/www.almargenweb.com.ar\/web\/wp-content\/uploads\/2022\/05\/WhatsApp-Image-2022-04-29-at-7.53.13-PM-1-1024x683.jpeg 1024w, https:\/\/www.almargenweb.com.ar\/web\/wp-content\/uploads\/2022\/05\/WhatsApp-Image-2022-04-29-at-7.53.13-PM-1-300x200.jpeg 300w, https:\/\/www.almargenweb.com.ar\/web\/wp-content\/uploads\/2022\/05\/WhatsApp-Image-2022-04-29-at-7.53.13-PM-1-768x512.jpeg 768w, https:\/\/www.almargenweb.com.ar\/web\/wp-content\/uploads\/2022\/05\/WhatsApp-Image-2022-04-29-at-7.53.13-PM-1.jpeg 1200w\" sizes=\"auto, (max-width: 1024px) 100vw, 1024px\" \/><figcaption>\u201cSe trata de un paso necesario para planificar un sistema de transporte urbano que mejore el tr\u00e1nsito de Esperanza\u201d, expres\u00f3 el edil radical.<\/figcaption><\/figure>\n\n\n\n<p>El estudio se realizar\u00e1 especialmente a trav\u00e9s de una encuesta de movilidad, la cual es una herramienta para la planificaci\u00f3n del transporte urbano que tiene como objetivo general determinar c\u00f3mo y por qu\u00e9\u00ec se mueve la poblaci\u00f3n que reside de manera habitual en el \u00e1rea de estudio.<\/p>\n\n\n\n<p>\u201cEste tipo de encuestas permiten obtener informaci\u00f3n sobre los viajes que realizan diariamente los integrantes de los hogares del \u00e1rea de estudio para desarrollar las diversas actividades que el desenvolvimiento de su vida cotidiana requiere\u201d, explic\u00f3 M\u00fcller.<\/p>\n\n\n\n<p>Por \u00faltimo, el concejal a\u00f1adi\u00f3 que \u201cen el proyecto se autoriza al ejecutivo municipal a celebrar un convenio con el Grupo Cient\u00edfico de Estudios de Transporte Accidentolog\u00eda y Movilidad (CETRAM) de la Universidad Tecnol\u00f3gica Nacional, que es el \u00fanico centro de estudios referente en la materia dentro de la regi\u00f3n\u201d.<\/p>\n<!-- AddThis Advanced Settings generic via filter on the_content --><!-- AddThis Share Buttons generic via filter on the_content -->","protected":false},"excerpt":{"rendered":"<p>El Concejo Municipal aprob\u00f3 un proyecto presentado por Rodrigo M\u00fcller en el cual se solicita al [&hellip;]<!-- AddThis Advanced Settings generic via filter on get_the_excerpt --><!-- AddThis Share Buttons generic via filter on get_the_excerpt --><\/p>\n","protected":false},"author":16,"featured_media":37153,"comment_status":"open","ping_status":"open","sticky":false,"template":"","format":"standard","meta":{"_seopress_robots_primary_cat":"none","_seopress_titles_title":"","_seopress_titles_desc":"","_seopress_robots_index":"","_themeisle_gutenberg_block_has_review":false,"footnotes":""},"categories":[2,164,47,9],"tags":[],"class_list":["post-37151","post","type-post","status-publish","format-standard","has-post-thumbnail","hentry","category-actualidad","category-ambiente","category-locales","category-politica"],"_links":{"self":[{"href":"https:\/\/www.almargenweb.com.ar\/web\/wp-json\/wp\/v2\/posts\/37151","targetHints":{"allow":["GET"]}}],"collection":[{"href":"https:\/\/www.almargenweb.com.ar\/web\/wp-json\/wp\/v2\/posts"}],"about":[{"href":"https:\/\/www.almargenweb.com.ar\/web\/wp-json\/wp\/v2\/types\/post"}],"author":[{"embeddable":true,"href":"https:\/\/www.almargenweb.com.ar\/web\/wp-json\/wp\/v2\/users\/16"}],"replies":[{"embeddable":true,"href":"https:\/\/www.almargenweb.com.ar\/web\/wp-json\/wp\/v2\/comments?post=37151"}],"version-history":[{"count":2,"href":"https:\/\/www.almargenweb.com.ar\/web\/wp-json\/wp\/v2\/posts\/37151\/revisions"}],"predecessor-version":[{"id":37157,"href":"https:\/\/www.almargenweb.com.ar\/web\/wp-json\/wp\/v2\/posts\/37151\/revisions\/37157"}],"wp:featuredmedia":[{"embeddable":true,"href":"https:\/\/www.almargenweb.com.ar\/web\/wp-json\/wp\/v2\/media\/37153"}],"wp:attachment":[{"href":"https:\/\/www.almargenweb.com.ar\/web\/wp-json\/wp\/v2\/media?parent=37151"}],"wp:term":[{"taxonomy":"category","embeddable":true,"href":"https:\/\/www.almargenweb.com.ar\/web\/wp-json\/wp\/v2\/categories?post=37151"},{"taxonomy":"post_tag","embeddable":true,"href":"https:\/\/www.almargenweb.com.ar\/web\/wp-json\/wp\/v2\/tags?post=37151"}],"curies":[{"name":"wp","href":"https:\/\/api.w.org\/{rel}","templated":true}]}}