{"id":37146,"date":"2022-04-29T12:35:56","date_gmt":"2022-04-29T15:35:56","guid":{"rendered":"http:\/\/www.almargenweb.com.ar\/web\/?p=37146"},"modified":"2022-04-29T12:35:57","modified_gmt":"2022-04-29T15:35:57","slug":"asumio-felipe-michlig-como-pte-del-comite-provincial-de-la-ucr","status":"publish","type":"post","link":"https:\/\/www.almargenweb.com.ar\/web\/asumio-felipe-michlig-como-pte-del-comite-provincial-de-la-ucr\/","title":{"rendered":"Asumi\u00f3 Felipe Michlig como Pte. del Comit\u00e9 Provincial de la UCR"},"content":{"rendered":"\n<p>Este jueves 28 de abril, en un multitudinario acto desarrollado en la ciudad de Santa Fe, asumi\u00f3 la nueva conducci\u00f3n de la Uni\u00f3n C\u00edvica Radical de la Provincia de Santa Fe, que estar\u00e1 presidida por el senador Felipe Michlig, elegido en un contexto de unidad y consenso interno.<\/p>\n\n\n\n<p>El flamante presidente de la UCR provincial destac\u00f3 que &#8220;hoy vengo asumir la presidencia de la UCR, agradeciendo el alto honor que me encomendaron los distintos sectores de nuestro centenario partido, a sabiendas de los desaf\u00edos a los que nos enfrentamos, los cuales trascienden a nuestra fuerza partidaria en vista de lograr la conformaci\u00f3n una gran coalici\u00f3n opositora, con firmes bases program\u00e1ticas para gobernar la Provincia de Santa Fe&#8221;.<\/p>\n\n\n\n<p>&#8220;Esto es mucho m\u00e1s que el inicio de un mandato partidario, es el comienzo de una construcci\u00f3n a futuro para gobernar la provincia de Santa Fe, con la esperanza de mejorar la calidad de vida a todos los santafesinos y santafesinas&#8221;.<\/p>\n\n\n\n<p>&#8220;Estoy seguro, estoy convencido, estoy persuadido que de este \u00e1mbito surgir\u00e1 la futura gobernadora o el futuro gobernador de la Provincia de Santa Fe. Juntos vamos a hacer realidad la Provincia Invencible de Santa Fe. Juntos vamos a construir el futuro para todos los santafesinos. Juntos vamos a darle a Santa Fe un gobierno como se merece&#8221;, asever\u00f3.<\/p>\n\n\n\n<figure class=\"wp-block-image size-full\"><img loading=\"lazy\" decoding=\"async\" width=\"870\" height=\"522\" src=\"https:\/\/www.almargenweb.com.ar\/web\/wp-content\/uploads\/2022\/04\/asuncion-felipemichlig-7.jpg\" alt=\"\" class=\"wp-image-37149\" srcset=\"https:\/\/www.almargenweb.com.ar\/web\/wp-content\/uploads\/2022\/04\/asuncion-felipemichlig-7.jpg 870w, https:\/\/www.almargenweb.com.ar\/web\/wp-content\/uploads\/2022\/04\/asuncion-felipemichlig-7-300x180.jpg 300w, https:\/\/www.almargenweb.com.ar\/web\/wp-content\/uploads\/2022\/04\/asuncion-felipemichlig-7-768x461.jpg 768w\" sizes=\"auto, (max-width: 870px) 100vw, 870px\" \/><figcaption>Felipe Michlig resalt\u00f3 &#8220;la presencia de autoridades, dirigentes nacionales y provinciales de la UCR, y de las diferentes expresiones partidarias de la provincia que hoy nos acompa\u00f1an&#8221;.<\/figcaption><\/figure>\n\n\n\n<p><strong>Amplia presencia de dirigentes partidarios y extrapartidarios<\/strong><\/p>\n\n\n\n<p>El flamante presidente del Comit\u00e9 Provincial de la UCR, Felipe Michlig resalt\u00f3 \u201cla presencia de autoridades, dirigentes nacionales y provinciales de la UCR, y de las diferentes expresiones partidarias de la provincia que hoy nos acompa\u00f1an y prestigian este acto, al igual de los que nos mandaron sus salutaciones\u201d enumerando a los siguientes:<\/p>\n\n\n\n<p>\u201cAl Gobernador de la Provincia de Corrientes, el correligionario Gustavo Valdez. Mario Barletta, Jos\u00e9 Corral, Juli\u00e1n Galdeano, Maximiliano Pullaro, Carlos Fascendini, Lisandro Enrico, Leandro Gonz\u00e1lez, Coty Nosiglia y Luis \u201cChangui\u201d C\u00e1ceres. A los convencionales y delegados provinciales y nacionales del partido. A los dirigentes radicales de destacada trayectoria nacional Mart\u00edn Lousteau, el Diputado Nacional Emiliano Yacobitti, Hern\u00e1n Rossi Presidente del Instituto Mois\u00e9s Lebensohn y el Diputado Nacional Rodrigo de Loredo. Al diputado nacional Cristian Ritondo. Al Senador Nacional de la UCR Dionisio Scarp\u00edn y a Diputados Nacionales. A los senadores y diputados provinciales de la Uni\u00f3n C\u00edvica Radical y otros partidos.<\/p>\n\n\n\n<p>Al anfitri\u00f3n, el intendente de esta querida ciudad capital, Emilio Jat\u00f3n. Al Rector de la Universidad Nacional del Litoral, Enrique Mammarella; al Rector de la Universidad Nacional de Rosario, Franco Bartolacci.<\/p>\n\n\n\n<p>A los dirigentes de otros partidos pol\u00edticos que nos honran enormemente con su presencia:<\/p>\n\n\n\n<p>Del Partido Socialista, Pablo Far\u00edas, Enrique Est\u00e9vez, mi amigo Antonio Bonfatti y Clara Garc\u00eda. Y en tu nombre, el recuerdo eterno de nuestro querido Miguel.<\/p>\n\n\n\n<p>Del PRO Crist\u00edan Cunha, Gabriel Chumpitaz, Federico Angelini y Germ\u00e1n Pugnaloni.<\/p>\n\n\n\n<p>De CREO Mariano Roca y el Intendente de Rosario Pablo Javkin.<\/p>\n\n\n\n<p>Del Partido Dem\u00f3crata Progresista, Gabriel Real.<\/p>\n\n\n\n<p>De la Coalici\u00f3n C\u00edvica, Lucila Lehmann.<\/p>\n\n\n\n<p>Del Partido GEN, Marilina Grande y el Intendente de Sunchales Gonzalo Toselli.<\/p>\n\n\n\n<p>De Encuentro Republicano Federal, Alejandra Vucasovich, Alejandro Rosell\u00f3 y Andr\u00e9s Chiarello.<\/p>\n\n\n\n<p>Del Partido UNO, Walter Ghione.<\/p>\n\n\n\n<p>De la UCDe su presidente nacional Gonzalo Mansilla de Souza y la vicepresidenta departamental La Capital Mariela Suarez.<\/p>\n\n\n\n<p>Al Presidente del Foro de Intendentes y Presidentes Comunales de la UCR Horacio Ciancio, haci\u00e9ndolo extensivo a los intendentes, presidentes comunales y concejales de la UCR de todas las localidades de nuestra provincia. Y un saludo en especial a los dirigentes y militantes de las localidades del departamento San Crist\u00f3bal al cual tengo el honor de representar como Senador Provincial.<\/p>\n\n\n\n<p>A los militantes y cuadros partidarios que vinieron desde distintas localidades ubicadas a lo largo y a lo ancho de la Provincia de Santa Fe. Agradezco el esfuerzo y compromiso militante. A mi familia, cuyo acompa\u00f1amiento y apoyo ha sido, es y ser\u00e1 un pilar fundamental para m\u00ed. A los medios de comunicaci\u00f3n y a todos los que trabajaron en la organizaci\u00f3n de este acto.\u201d<\/p>\n<!-- AddThis Advanced Settings generic via filter on the_content --><!-- AddThis Share Buttons generic via filter on the_content -->","protected":false},"excerpt":{"rendered":"<p>Este jueves 28 de abril, en un multitudinario acto desarrollado en la ciudad de Santa Fe, [&hellip;]<!-- AddThis Advanced Settings generic via filter on get_the_excerpt --><!-- AddThis Share Buttons generic via filter on get_the_excerpt --><\/p>\n","protected":false},"author":16,"featured_media":37148,"comment_status":"open","ping_status":"open","sticky":false,"template":"","format":"standard","meta":{"_seopress_robots_primary_cat":"none","_seopress_titles_title":"","_seopress_titles_desc":"","_seopress_robots_index":"","_themeisle_gutenberg_block_has_review":false,"footnotes":""},"categories":[2,164,20,21,47,9],"tags":[],"class_list":["post-37146","post","type-post","status-publish","format-standard","has-post-thumbnail","hentry","category-actualidad","category-ambiente","category-departamentales","category-las-colonias","category-locales","category-politica"],"_links":{"self":[{"href":"https:\/\/www.almargenweb.com.ar\/web\/wp-json\/wp\/v2\/posts\/37146","targetHints":{"allow":["GET"]}}],"collection":[{"href":"https:\/\/www.almargenweb.com.ar\/web\/wp-json\/wp\/v2\/posts"}],"about":[{"href":"https:\/\/www.almargenweb.com.ar\/web\/wp-json\/wp\/v2\/types\/post"}],"author":[{"embeddable":true,"href":"https:\/\/www.almargenweb.com.ar\/web\/wp-json\/wp\/v2\/users\/16"}],"replies":[{"embeddable":true,"href":"https:\/\/www.almargenweb.com.ar\/web\/wp-json\/wp\/v2\/comments?post=37146"}],"version-history":[{"count":1,"href":"https:\/\/www.almargenweb.com.ar\/web\/wp-json\/wp\/v2\/posts\/37146\/revisions"}],"predecessor-version":[{"id":37150,"href":"https:\/\/www.almargenweb.com.ar\/web\/wp-json\/wp\/v2\/posts\/37146\/revisions\/37150"}],"wp:featuredmedia":[{"embeddable":true,"href":"https:\/\/www.almargenweb.com.ar\/web\/wp-json\/wp\/v2\/media\/37148"}],"wp:attachment":[{"href":"https:\/\/www.almargenweb.com.ar\/web\/wp-json\/wp\/v2\/media?parent=37146"}],"wp:term":[{"taxonomy":"category","embeddable":true,"href":"https:\/\/www.almargenweb.com.ar\/web\/wp-json\/wp\/v2\/categories?post=37146"},{"taxonomy":"post_tag","embeddable":true,"href":"https:\/\/www.almargenweb.com.ar\/web\/wp-json\/wp\/v2\/tags?post=37146"}],"curies":[{"name":"wp","href":"https:\/\/api.w.org\/{rel}","templated":true}]}}