{"id":37122,"date":"2022-04-27T14:30:12","date_gmt":"2022-04-27T17:30:12","guid":{"rendered":"http:\/\/www.almargenweb.com.ar\/web\/?p=37122"},"modified":"2022-04-27T14:30:13","modified_gmt":"2022-04-27T17:30:13","slug":"humboldt-tendra-su-parque-natural-en-el-monte-milesi","status":"publish","type":"post","link":"https:\/\/www.almargenweb.com.ar\/web\/humboldt-tendra-su-parque-natural-en-el-monte-milesi\/","title":{"rendered":"Humboldt tendr\u00e1 su parque natural en el Monte Milesi"},"content":{"rendered":"\n<p>El pr\u00f3ximo domingo 1\u00b0 de mayo a partir de las 15 horas, autoridades comunales confirmaron la presentaci\u00f3n del proyecto de la creaci\u00f3n de un Parque Natural. La invitacion es en el noreste del Monte Milesi.<\/p>\n\n\n\n<p>El espacio es propiedad de la comuna local como espacio verde, y con el correr de los a\u00f1os se transform\u00f3 en un espacio ic\u00f3nico y representativo para la localidad.<\/p>\n\n\n\n<p>Duilio Rohrmann, presidente comunal de esa localidad, manifesto el compromiso con &#8220;el medio ambiente y con nuestras generaciones futuras, hemos considerado construir un paque natural, en el Monte Milesi.<\/p>\n\n\n\n<p>Desde el ejecutivo local manifestaron que el proximo domingo se presentara el proyecto.<\/p>\n\n\n\n<p><\/p>\n<!-- AddThis Advanced Settings generic via filter on the_content --><!-- AddThis Share Buttons generic via filter on the_content -->","protected":false},"excerpt":{"rendered":"<p>El pr\u00f3ximo domingo 1\u00b0 de mayo a partir de las 15 horas, autoridades comunales confirmaron la [&hellip;]<!-- AddThis Advanced Settings generic via filter on get_the_excerpt --><!-- AddThis Share Buttons generic via filter on get_the_excerpt --><\/p>\n","protected":false},"author":16,"featured_media":37124,"comment_status":"open","ping_status":"open","sticky":false,"template":"","format":"standard","meta":{"_seopress_robots_primary_cat":"none","_seopress_titles_title":"","_seopress_titles_desc":"","_seopress_robots_index":"","_themeisle_gutenberg_block_has_review":false,"footnotes":""},"categories":[2,164,21,29],"tags":[],"class_list":["post-37122","post","type-post","status-publish","format-standard","has-post-thumbnail","hentry","category-actualidad","category-ambiente","category-las-colonias","category-regionales"],"_links":{"self":[{"href":"https:\/\/www.almargenweb.com.ar\/web\/wp-json\/wp\/v2\/posts\/37122","targetHints":{"allow":["GET"]}}],"collection":[{"href":"https:\/\/www.almargenweb.com.ar\/web\/wp-json\/wp\/v2\/posts"}],"about":[{"href":"https:\/\/www.almargenweb.com.ar\/web\/wp-json\/wp\/v2\/types\/post"}],"author":[{"embeddable":true,"href":"https:\/\/www.almargenweb.com.ar\/web\/wp-json\/wp\/v2\/users\/16"}],"replies":[{"embeddable":true,"href":"https:\/\/www.almargenweb.com.ar\/web\/wp-json\/wp\/v2\/comments?post=37122"}],"version-history":[{"count":1,"href":"https:\/\/www.almargenweb.com.ar\/web\/wp-json\/wp\/v2\/posts\/37122\/revisions"}],"predecessor-version":[{"id":37125,"href":"https:\/\/www.almargenweb.com.ar\/web\/wp-json\/wp\/v2\/posts\/37122\/revisions\/37125"}],"wp:featuredmedia":[{"embeddable":true,"href":"https:\/\/www.almargenweb.com.ar\/web\/wp-json\/wp\/v2\/media\/37124"}],"wp:attachment":[{"href":"https:\/\/www.almargenweb.com.ar\/web\/wp-json\/wp\/v2\/media?parent=37122"}],"wp:term":[{"taxonomy":"category","embeddable":true,"href":"https:\/\/www.almargenweb.com.ar\/web\/wp-json\/wp\/v2\/categories?post=37122"},{"taxonomy":"post_tag","embeddable":true,"href":"https:\/\/www.almargenweb.com.ar\/web\/wp-json\/wp\/v2\/tags?post=37122"}],"curies":[{"name":"wp","href":"https:\/\/api.w.org\/{rel}","templated":true}]}}