{"id":37080,"date":"2022-04-20T13:45:57","date_gmt":"2022-04-20T16:45:57","guid":{"rendered":"http:\/\/www.almargenweb.com.ar\/web\/?p=37080"},"modified":"2022-04-20T13:45:58","modified_gmt":"2022-04-20T16:45:58","slug":"curso-gratuito-de-emprendimiento-y-redes-sociales-una-iniciativa-de-rodrigo-muller-para-potenciar-tu-negocio","status":"publish","type":"post","link":"https:\/\/www.almargenweb.com.ar\/web\/curso-gratuito-de-emprendimiento-y-redes-sociales-una-iniciativa-de-rodrigo-muller-para-potenciar-tu-negocio\/","title":{"rendered":"Curso gratuito de emprendimiento y redes sociales: Una iniciativa de Rodrigo M\u00fcller para potenciar tu negocio"},"content":{"rendered":"\n<p>El concejal radical invita a participar de una capacitaci\u00f3n para aprender a gestionar un emprendimiento y lograr su crecimiento. El curso formara parte del armado de una red de emprendedores al que se acceder\u00e1 a nuevas capacitaciones, difusi\u00f3n de convocatorias y otras actividades.<\/p>\n\n\n\n<p>El concejal radical, Rodrigo M\u00fcller, invita a toda la comunidad esperancina a participar de un curso gratuito de emprendimiento y redes sociales con el objetivo de potenciar el negocio de emprendedores y comerciantes locales.<\/p>\n\n\n\n<p>Se trata de una capacitaci\u00f3n gratuita, a cargo de \u201cComunicare Studio\u201d, que se llevar\u00e1 a cabo el s\u00e1bado 23 de abril, de 9:30 a 12 horas, en la Sociedad Rural de Esperanza (Moreno 2230).<\/p>\n\n\n\n<p>\u201cProponemos en este primer encuentro acercar una serie de alternativas basadas en la readecuaci\u00f3n de la planificaci\u00f3n para el emprendimiento y estrategias de comercio digital aplicables en redes sociales para posicionar un negocio\/emprendimiento e impulsar las ventas\u201d, expres\u00f3 M\u00fcller al respecto.<\/p>\n\n\n\n<p>La capacitaci\u00f3n est\u00e1 destinada a emprendedores, comerciantes y p\u00fablico en general interesado en la tem\u00e1tica con el objetivo de potenciar el impacto de los emprendedores y convertirse en modelos para las nuevas generaciones.<\/p>\n\n\n\n<p>En \u00e9se sentido, el concejal explic\u00f3 que \u201cel objetivo macro es construir una Red de Emprendedores; potenciando el talento, promoviendo el desarrollo de nuevos emprendimientos y el de los ya existentes para mejorar la rentabilidad mediante el trabajo colaborativo\u201d.<\/p>\n\n\n\n<p>\u201cLas redes de emprendedores son comunidades donde se comparten conocimientos, experiencias. Hasta pueden transformarse en trampolines para establecer alianzas comerciales que ayuden a aumentar las ganancias y hacer crecer el negocio\u201d, concluy\u00f3 el edil radical.<\/p>\n\n\n\n<p>INSCRIPCIONES<br>El curso es totalmente gratuito y los interesados pueden inscribirse completando el siguiente formulario: https:\/\/forms.gle\/g8WoDyCA2uJL3KyEA<\/p>\n<!-- AddThis Advanced Settings generic via filter on the_content --><!-- AddThis Share Buttons generic via filter on the_content -->","protected":false},"excerpt":{"rendered":"<p>El concejal radical invita a participar de una capacitaci\u00f3n para aprender a gestionar un emprendimiento y [&hellip;]<!-- AddThis Advanced Settings generic via filter on get_the_excerpt --><!-- AddThis Share Buttons generic via filter on get_the_excerpt --><\/p>\n","protected":false},"author":16,"featured_media":37082,"comment_status":"open","ping_status":"open","sticky":false,"template":"","format":"standard","meta":{"_seopress_robots_primary_cat":"none","_seopress_titles_title":"","_seopress_titles_desc":"","_seopress_robots_index":"","_themeisle_gutenberg_block_has_review":false,"footnotes":""},"categories":[2,164,19],"tags":[],"class_list":["post-37080","post","type-post","status-publish","format-standard","has-post-thumbnail","hentry","category-actualidad","category-ambiente","category-educacion"],"_links":{"self":[{"href":"https:\/\/www.almargenweb.com.ar\/web\/wp-json\/wp\/v2\/posts\/37080","targetHints":{"allow":["GET"]}}],"collection":[{"href":"https:\/\/www.almargenweb.com.ar\/web\/wp-json\/wp\/v2\/posts"}],"about":[{"href":"https:\/\/www.almargenweb.com.ar\/web\/wp-json\/wp\/v2\/types\/post"}],"author":[{"embeddable":true,"href":"https:\/\/www.almargenweb.com.ar\/web\/wp-json\/wp\/v2\/users\/16"}],"replies":[{"embeddable":true,"href":"https:\/\/www.almargenweb.com.ar\/web\/wp-json\/wp\/v2\/comments?post=37080"}],"version-history":[{"count":1,"href":"https:\/\/www.almargenweb.com.ar\/web\/wp-json\/wp\/v2\/posts\/37080\/revisions"}],"predecessor-version":[{"id":37083,"href":"https:\/\/www.almargenweb.com.ar\/web\/wp-json\/wp\/v2\/posts\/37080\/revisions\/37083"}],"wp:featuredmedia":[{"embeddable":true,"href":"https:\/\/www.almargenweb.com.ar\/web\/wp-json\/wp\/v2\/media\/37082"}],"wp:attachment":[{"href":"https:\/\/www.almargenweb.com.ar\/web\/wp-json\/wp\/v2\/media?parent=37080"}],"wp:term":[{"taxonomy":"category","embeddable":true,"href":"https:\/\/www.almargenweb.com.ar\/web\/wp-json\/wp\/v2\/categories?post=37080"},{"taxonomy":"post_tag","embeddable":true,"href":"https:\/\/www.almargenweb.com.ar\/web\/wp-json\/wp\/v2\/tags?post=37080"}],"curies":[{"name":"wp","href":"https:\/\/api.w.org\/{rel}","templated":true}]}}