{"id":37066,"date":"2022-03-31T14:57:46","date_gmt":"2022-03-31T17:57:46","guid":{"rendered":"http:\/\/www.almargenweb.com.ar\/web\/?p=37066"},"modified":"2022-03-31T14:57:47","modified_gmt":"2022-03-31T17:57:47","slug":"muller-quien-provoca-un-dano-en-el-espacio-publico-debe-pagarlo","status":"publish","type":"post","link":"https:\/\/www.almargenweb.com.ar\/web\/muller-quien-provoca-un-dano-en-el-espacio-publico-debe-pagarlo\/","title":{"rendered":"M\u00fcller: \u201cQuien provoca un da\u00f1o en el espacio p\u00fablico debe pagarlo\u201d"},"content":{"rendered":"\n<p>El concejal radical, Rodrigo M\u00fcller, present\u00f3 un proyecto contra los hechos de vandalismo en la ciudad imponiendo sanciones para las personas que los provoquen.<\/p>\n\n\n\n<p>Al respecto, M\u00fcller indic\u00f3 que \u201clamentablemente cuando recorremos la ciudad vemos una gran cantidad de hechos de vandalismo en las plazas y parques, pintadas en diferentes monumentos o en dependencias municipales, da\u00f1os en las c\u00e1maras de seguridad, garitas, carteler\u00eda, entre otros ejemplos, que son un perjuicio para todos los esperancinos porque cada a\u00f1o aumenta la cantidad de recursos municipales que son destinados a arreglar o reponer estos bienes\u201d.<\/p>\n\n\n\n<p>\u201cEl proyecto presentado contempla la utilizaci\u00f3n de los sistemas de vigilancia vigentes para identificar a los responsables de los da\u00f1os y que se hagan cargo de la reparaci\u00f3n\u201d, agreg\u00f3 el referente radical y aclar\u00f3 que \u201cen caso de que los infractores sean menores de edad las sanciones recaer\u00e1n sobre sus padres o tutores\u201d.<\/p>\n\n\n\n<p>Del mismo modo, M\u00fcller remarc\u00f3 que \u201cen el esp\u00edritu de la ordenanza se encuentran contemplados los posibles da\u00f1os al parque automotor del municipio\u201d.<\/p>\n\n\n\n<p>\u201cA todos nos gusta disfrutar de los espacios p\u00fablicos y por eso debemos cuidarlos entre todos. Creo que es necesario continuar fomentando el respeto y la convivencia en estos espacios y los que no lo cumplan deber\u00e1n tener una sanci\u00f3n ejemplificadora\u201d, concluy\u00f3 el concejal radical<\/p>\n<!-- AddThis Advanced Settings generic via filter on the_content --><!-- AddThis Share Buttons generic via filter on the_content -->","protected":false},"excerpt":{"rendered":"<p>El concejal radical, Rodrigo M\u00fcller, present\u00f3 un proyecto contra los hechos de vandalismo en la ciudad [&hellip;]<!-- AddThis Advanced Settings generic via filter on get_the_excerpt --><!-- AddThis Share Buttons generic via filter on get_the_excerpt --><\/p>\n","protected":false},"author":16,"featured_media":37068,"comment_status":"open","ping_status":"open","sticky":false,"template":"","format":"standard","meta":{"_seopress_robots_primary_cat":"none","_seopress_titles_title":"","_seopress_titles_desc":"","_seopress_robots_index":"","_themeisle_gutenberg_block_has_review":false,"footnotes":""},"categories":[2,164,20,21,47,9],"tags":[],"class_list":["post-37066","post","type-post","status-publish","format-standard","has-post-thumbnail","hentry","category-actualidad","category-ambiente","category-departamentales","category-las-colonias","category-locales","category-politica"],"_links":{"self":[{"href":"https:\/\/www.almargenweb.com.ar\/web\/wp-json\/wp\/v2\/posts\/37066","targetHints":{"allow":["GET"]}}],"collection":[{"href":"https:\/\/www.almargenweb.com.ar\/web\/wp-json\/wp\/v2\/posts"}],"about":[{"href":"https:\/\/www.almargenweb.com.ar\/web\/wp-json\/wp\/v2\/types\/post"}],"author":[{"embeddable":true,"href":"https:\/\/www.almargenweb.com.ar\/web\/wp-json\/wp\/v2\/users\/16"}],"replies":[{"embeddable":true,"href":"https:\/\/www.almargenweb.com.ar\/web\/wp-json\/wp\/v2\/comments?post=37066"}],"version-history":[{"count":2,"href":"https:\/\/www.almargenweb.com.ar\/web\/wp-json\/wp\/v2\/posts\/37066\/revisions"}],"predecessor-version":[{"id":37070,"href":"https:\/\/www.almargenweb.com.ar\/web\/wp-json\/wp\/v2\/posts\/37066\/revisions\/37070"}],"wp:featuredmedia":[{"embeddable":true,"href":"https:\/\/www.almargenweb.com.ar\/web\/wp-json\/wp\/v2\/media\/37068"}],"wp:attachment":[{"href":"https:\/\/www.almargenweb.com.ar\/web\/wp-json\/wp\/v2\/media?parent=37066"}],"wp:term":[{"taxonomy":"category","embeddable":true,"href":"https:\/\/www.almargenweb.com.ar\/web\/wp-json\/wp\/v2\/categories?post=37066"},{"taxonomy":"post_tag","embeddable":true,"href":"https:\/\/www.almargenweb.com.ar\/web\/wp-json\/wp\/v2\/tags?post=37066"}],"curies":[{"name":"wp","href":"https:\/\/api.w.org\/{rel}","templated":true}]}}