{"id":37062,"date":"2022-03-31T12:10:01","date_gmt":"2022-03-31T15:10:01","guid":{"rendered":"http:\/\/www.almargenweb.com.ar\/web\/?p=37062"},"modified":"2022-03-31T12:10:02","modified_gmt":"2022-03-31T15:10:02","slug":"el-dato-que-mas-duele-en-santa-fe-la-pobreza-supera-a-rosario-y-es-mas-alta-que-a-nivel-nacional","status":"publish","type":"post","link":"https:\/\/www.almargenweb.com.ar\/web\/el-dato-que-mas-duele-en-santa-fe-la-pobreza-supera-a-rosario-y-es-mas-alta-que-a-nivel-nacional\/","title":{"rendered":"El dato que m\u00e1s duele: en Santa Fe la pobreza supera a Rosario y es m\u00e1s alta que a nivel nacional"},"content":{"rendered":"\n<p>Seg\u00fan la \u00faltima medici\u00f3n difundida este mi\u00e9rcoles por el Instituto Nacional de Estad\u00edstica y Censos (Indec), a finales del 2021, en la capital provincial se registraron m\u00e1s de 50.120 hogares pobres d\u00f3nde viven al menos 208.670 santafesinos que se ubican bajo la l\u00ednea de pobreza, de los cu\u00e1les cerca de 47.500 est\u00e1n en situaci\u00f3n de indigencia.<\/p>\n\n\n\n<p>Esto implica que no alcanzan a cubrir la cuota alimentaria. Y si bien la indigencia cay\u00f3, al 8,8% de la poblaci\u00f3n, todav\u00eda se mantiene por arriba de la media nacional que llega al 37,3% y engloba al 27,9% de los hogares.<\/p>\n\n\n\n<p>La pobreza infantil lleg\u00f3 al 72,7% en el \u00faltimo trimestre del 2020, frente al 65% de promedio en el pa\u00eds. <\/p>\n\n\n\n<p>Entre 0 y 14 a\u00f1os, a nivel nacional, este nivel pas\u00f3 del 55,7 al 62,9 por ciento.<\/p>\n\n\n\n<p>Durante el a\u00f1o pasado, el aglomerado \u201cGran Santa Fe\u201d pas\u00f3 de ser una de las tres regiones con mayores niveles de pobreza e indigencia del pa\u00eds, d\u00f3nde uno de cada dos habitantes se encontraba por debajo de la l\u00ednea que mide el Indec, a estar cerca del promedio a nivel nacional.<\/p>\n<!-- AddThis Advanced Settings generic via filter on the_content --><!-- AddThis Share Buttons generic via filter on the_content -->","protected":false},"excerpt":{"rendered":"<p>Seg\u00fan la \u00faltima medici\u00f3n difundida este mi\u00e9rcoles por el Instituto Nacional de Estad\u00edstica y Censos (Indec), [&hellip;]<!-- AddThis Advanced Settings generic via filter on get_the_excerpt --><!-- AddThis Share Buttons generic via filter on get_the_excerpt --><\/p>\n","protected":false},"author":16,"featured_media":37064,"comment_status":"open","ping_status":"open","sticky":false,"template":"","format":"standard","meta":{"_seopress_robots_primary_cat":"none","_seopress_titles_title":"","_seopress_titles_desc":"","_seopress_robots_index":"","_themeisle_gutenberg_block_has_review":false,"footnotes":""},"categories":[2,164,5,9,29],"tags":[],"class_list":["post-37062","post","type-post","status-publish","format-standard","has-post-thumbnail","hentry","category-actualidad","category-ambiente","category-economia","category-politica","category-regionales"],"_links":{"self":[{"href":"https:\/\/www.almargenweb.com.ar\/web\/wp-json\/wp\/v2\/posts\/37062","targetHints":{"allow":["GET"]}}],"collection":[{"href":"https:\/\/www.almargenweb.com.ar\/web\/wp-json\/wp\/v2\/posts"}],"about":[{"href":"https:\/\/www.almargenweb.com.ar\/web\/wp-json\/wp\/v2\/types\/post"}],"author":[{"embeddable":true,"href":"https:\/\/www.almargenweb.com.ar\/web\/wp-json\/wp\/v2\/users\/16"}],"replies":[{"embeddable":true,"href":"https:\/\/www.almargenweb.com.ar\/web\/wp-json\/wp\/v2\/comments?post=37062"}],"version-history":[{"count":1,"href":"https:\/\/www.almargenweb.com.ar\/web\/wp-json\/wp\/v2\/posts\/37062\/revisions"}],"predecessor-version":[{"id":37065,"href":"https:\/\/www.almargenweb.com.ar\/web\/wp-json\/wp\/v2\/posts\/37062\/revisions\/37065"}],"wp:featuredmedia":[{"embeddable":true,"href":"https:\/\/www.almargenweb.com.ar\/web\/wp-json\/wp\/v2\/media\/37064"}],"wp:attachment":[{"href":"https:\/\/www.almargenweb.com.ar\/web\/wp-json\/wp\/v2\/media?parent=37062"}],"wp:term":[{"taxonomy":"category","embeddable":true,"href":"https:\/\/www.almargenweb.com.ar\/web\/wp-json\/wp\/v2\/categories?post=37062"},{"taxonomy":"post_tag","embeddable":true,"href":"https:\/\/www.almargenweb.com.ar\/web\/wp-json\/wp\/v2\/tags?post=37062"}],"curies":[{"name":"wp","href":"https:\/\/api.w.org\/{rel}","templated":true}]}}