{"id":37053,"date":"2022-03-30T08:20:48","date_gmt":"2022-03-30T11:20:48","guid":{"rendered":"http:\/\/www.almargenweb.com.ar\/web\/?p=37053"},"modified":"2022-03-30T08:20:49","modified_gmt":"2022-03-30T11:20:49","slug":"inflacion-fijan-un-precio-de-referencia-para-el-pan-por-90-dias","status":"publish","type":"post","link":"https:\/\/www.almargenweb.com.ar\/web\/inflacion-fijan-un-precio-de-referencia-para-el-pan-por-90-dias\/","title":{"rendered":"Inflaci\u00f3n: fijan un precio de referencia para el pan por 90 d\u00edas"},"content":{"rendered":"\n<p>La Secretar\u00eda de Comercio Interior de la Naci\u00f3n y representantes de diversas c\u00e1maras y federaciones del sector panadero fijaron como precio de referencia para el kilo de pan franc\u00e9s el rango comprendido entre $220 y $270 en todo el pa\u00eds por un plazo de 90 d\u00edas.<\/p>\n\n\n\n<p>Los valores de referencia entrar\u00e1n en vigencia a partir de la puesta en funcionamiento del Fondo Estabilizador del Trigo Argentino, el mecanismo de compensaci\u00f3n mediante el cual el Gobierno garantiza el desacople del precio local de la tonelada de este cereal de los precios internacionales, ante la fuerte alza de estos \u00faltimos por el conflicto b\u00e9lico entre Ucrania y la Federaci\u00f3n Rusa.<\/p>\n\n\n\n<p>Adem\u00e1s, las partes acordaron continuar con nuevas mesas de trabajo para seguir abordando diversas cuestiones que hacen al valor final de venta al p\u00fablico de productos esenciales para la alimentaci\u00f3n cotidiana de las argentinas y los argentinos.<\/p>\n\n\n\n<p>tambien piensan la formaci\u00f3n de una mesa de la harina, que permita dar seguimiento a la situaci\u00f3n de este mercado y generar los insumos necesarios para dar respuesta a las principales problem\u00e1ticas del sector.<\/p>\n<!-- AddThis Advanced Settings generic via filter on the_content --><!-- AddThis Share Buttons generic via filter on the_content -->","protected":false},"excerpt":{"rendered":"<p>La Secretar\u00eda de Comercio Interior de la Naci\u00f3n y representantes de diversas c\u00e1maras y federaciones del [&hellip;]<!-- AddThis Advanced Settings generic via filter on get_the_excerpt --><!-- AddThis Share Buttons generic via filter on get_the_excerpt --><\/p>\n","protected":false},"author":16,"featured_media":37055,"comment_status":"open","ping_status":"open","sticky":false,"template":"","format":"standard","meta":{"_seopress_robots_primary_cat":"none","_seopress_titles_title":"","_seopress_titles_desc":"","_seopress_robots_index":"","_themeisle_gutenberg_block_has_review":false,"footnotes":""},"categories":[2,164,5,140,9],"tags":[],"class_list":["post-37053","post","type-post","status-publish","format-standard","has-post-thumbnail","hentry","category-actualidad","category-ambiente","category-economia","category-nacionales","category-politica"],"_links":{"self":[{"href":"https:\/\/www.almargenweb.com.ar\/web\/wp-json\/wp\/v2\/posts\/37053","targetHints":{"allow":["GET"]}}],"collection":[{"href":"https:\/\/www.almargenweb.com.ar\/web\/wp-json\/wp\/v2\/posts"}],"about":[{"href":"https:\/\/www.almargenweb.com.ar\/web\/wp-json\/wp\/v2\/types\/post"}],"author":[{"embeddable":true,"href":"https:\/\/www.almargenweb.com.ar\/web\/wp-json\/wp\/v2\/users\/16"}],"replies":[{"embeddable":true,"href":"https:\/\/www.almargenweb.com.ar\/web\/wp-json\/wp\/v2\/comments?post=37053"}],"version-history":[{"count":2,"href":"https:\/\/www.almargenweb.com.ar\/web\/wp-json\/wp\/v2\/posts\/37053\/revisions"}],"predecessor-version":[{"id":37057,"href":"https:\/\/www.almargenweb.com.ar\/web\/wp-json\/wp\/v2\/posts\/37053\/revisions\/37057"}],"wp:featuredmedia":[{"embeddable":true,"href":"https:\/\/www.almargenweb.com.ar\/web\/wp-json\/wp\/v2\/media\/37055"}],"wp:attachment":[{"href":"https:\/\/www.almargenweb.com.ar\/web\/wp-json\/wp\/v2\/media?parent=37053"}],"wp:term":[{"taxonomy":"category","embeddable":true,"href":"https:\/\/www.almargenweb.com.ar\/web\/wp-json\/wp\/v2\/categories?post=37053"},{"taxonomy":"post_tag","embeddable":true,"href":"https:\/\/www.almargenweb.com.ar\/web\/wp-json\/wp\/v2\/tags?post=37053"}],"curies":[{"name":"wp","href":"https:\/\/api.w.org\/{rel}","templated":true}]}}