{"id":37049,"date":"2022-03-29T14:45:40","date_gmt":"2022-03-29T17:45:40","guid":{"rendered":"http:\/\/www.almargenweb.com.ar\/web\/?p=37049"},"modified":"2022-03-29T14:45:41","modified_gmt":"2022-03-29T17:45:41","slug":"alerta-meteorologico-inestable-y-con-alerta-por-vientos-se-viene-el-cambio-del-tiempo","status":"publish","type":"post","link":"https:\/\/www.almargenweb.com.ar\/web\/alerta-meteorologico-inestable-y-con-alerta-por-vientos-se-viene-el-cambio-del-tiempo\/","title":{"rendered":"Alerta meteorol\u00f3gico: inestable y con alerta por vientos, se viene el cambio del tiempo"},"content":{"rendered":"\n<p>Este martes 29 de marzo arranc\u00f3 con una madrugada c\u00e1lida y pesada, con alta humedad y cielo ligeramente nublado. <\/p>\n\n\n\n<p>El pron\u00f3stico del Servicio Meteorol\u00f3gico Nacional anuncia que en las pr\u00f3ximas horas ingresar\u00e1 un frente de inestabilidad que podr\u00eda desencadenar tormentas a partir de la tarde.<\/p>\n\n\n\n<p>Las lluvias y los vientos a su vez traer\u00e1n aparejada para los pr\u00f3ximos d\u00edas el ingreso de aire fr\u00edo que se har\u00e1 sentir el resto de la semana con ma\u00f1anas bastante frescas. <\/p>\n\n\n\n<p>Mientras tanto, para hoy se espera que la temperatura m\u00e1xima, con lluvia y todo, ascienda a los 27 grados.<\/p>\n<!-- AddThis Advanced Settings generic via filter on the_content --><!-- AddThis Share Buttons generic via filter on the_content -->","protected":false},"excerpt":{"rendered":"<p>Este martes 29 de marzo arranc\u00f3 con una madrugada c\u00e1lida y pesada, con alta humedad y [&hellip;]<!-- AddThis Advanced Settings generic via filter on get_the_excerpt --><!-- AddThis Share Buttons generic via filter on get_the_excerpt --><\/p>\n","protected":false},"author":16,"featured_media":37051,"comment_status":"open","ping_status":"open","sticky":false,"template":"","format":"standard","meta":{"_seopress_robots_primary_cat":"none","_seopress_titles_title":"","_seopress_titles_desc":"","_seopress_robots_index":"","_themeisle_gutenberg_block_has_review":false,"footnotes":""},"categories":[2,20,47,29,15],"tags":[],"class_list":["post-37049","post","type-post","status-publish","format-standard","has-post-thumbnail","hentry","category-actualidad","category-departamentales","category-locales","category-regionales","category-salud"],"_links":{"self":[{"href":"https:\/\/www.almargenweb.com.ar\/web\/wp-json\/wp\/v2\/posts\/37049","targetHints":{"allow":["GET"]}}],"collection":[{"href":"https:\/\/www.almargenweb.com.ar\/web\/wp-json\/wp\/v2\/posts"}],"about":[{"href":"https:\/\/www.almargenweb.com.ar\/web\/wp-json\/wp\/v2\/types\/post"}],"author":[{"embeddable":true,"href":"https:\/\/www.almargenweb.com.ar\/web\/wp-json\/wp\/v2\/users\/16"}],"replies":[{"embeddable":true,"href":"https:\/\/www.almargenweb.com.ar\/web\/wp-json\/wp\/v2\/comments?post=37049"}],"version-history":[{"count":1,"href":"https:\/\/www.almargenweb.com.ar\/web\/wp-json\/wp\/v2\/posts\/37049\/revisions"}],"predecessor-version":[{"id":37052,"href":"https:\/\/www.almargenweb.com.ar\/web\/wp-json\/wp\/v2\/posts\/37049\/revisions\/37052"}],"wp:featuredmedia":[{"embeddable":true,"href":"https:\/\/www.almargenweb.com.ar\/web\/wp-json\/wp\/v2\/media\/37051"}],"wp:attachment":[{"href":"https:\/\/www.almargenweb.com.ar\/web\/wp-json\/wp\/v2\/media?parent=37049"}],"wp:term":[{"taxonomy":"category","embeddable":true,"href":"https:\/\/www.almargenweb.com.ar\/web\/wp-json\/wp\/v2\/categories?post=37049"},{"taxonomy":"post_tag","embeddable":true,"href":"https:\/\/www.almargenweb.com.ar\/web\/wp-json\/wp\/v2\/tags?post=37049"}],"curies":[{"name":"wp","href":"https:\/\/api.w.org\/{rel}","templated":true}]}}