{"id":37033,"date":"2022-03-28T09:03:47","date_gmt":"2022-03-28T12:03:47","guid":{"rendered":"http:\/\/www.almargenweb.com.ar\/web\/?p=37033"},"modified":"2022-03-28T09:03:52","modified_gmt":"2022-03-28T12:03:52","slug":"censo-2022-mas-de-23-millones-de-personas-las-que-completaron-el-formulario-digital","status":"publish","type":"post","link":"https:\/\/www.almargenweb.com.ar\/web\/censo-2022-mas-de-23-millones-de-personas-las-que-completaron-el-formulario-digital\/","title":{"rendered":"Censo 2022: m\u00e1s de 2,3 millones de personas las que completaron el formulario digital"},"content":{"rendered":"\n<p>Hace diez d\u00edas comenz\u00f3 el censo digital que permanecer\u00e1 hasta el 18 de Mayo cuando se haga el tradicional relevamiento casa por casa.<\/p>\n\n\n\n<p>Segun el Instituto Nacional de Estad\u00edstica y Censos (INDEC) ya fueron ingresadas mediante la p\u00e1gina web m\u00e1s de 1 mill\u00f3n de viviendas particulares, de las cuales m\u00e1s de 845.000 mil ya obtuvieron el comprobante de finalizaci\u00f3n del tr\u00e1mite central.<\/p>\n\n\n\n<p>Las personas que ya se censaron dentro de este per\u00edodo porque optaron por la modalidad digital, deber\u00e1n guardar el c\u00f3digo alfanum\u00e9rico del comprobante de finalizaci\u00f3n que aparece en pantalla al terminar la totalidad del cuestionario para presentarlo el 18 de mayo al censista.<\/p>\n\n\n\n<p>En cambio, las personas que no hayan completado el Censo digital de sus viviendas tendr\u00e1n que responder la entrevista tradicional de manera presencial.<\/p>\n<!-- AddThis Advanced Settings generic via filter on the_content --><!-- AddThis Share Buttons generic via filter on the_content -->","protected":false},"excerpt":{"rendered":"<p>Hace diez d\u00edas comenz\u00f3 el censo digital que permanecer\u00e1 hasta el 18 de Mayo cuando se [&hellip;]<!-- AddThis Advanced Settings generic via filter on get_the_excerpt --><!-- AddThis Share Buttons generic via filter on get_the_excerpt --><\/p>\n","protected":false},"author":16,"featured_media":37035,"comment_status":"open","ping_status":"open","sticky":false,"template":"","format":"standard","meta":{"_seopress_robots_primary_cat":"none","_seopress_titles_title":"","_seopress_titles_desc":"","_seopress_robots_index":"","_themeisle_gutenberg_block_has_review":false,"footnotes":""},"categories":[2,140,29,15],"tags":[],"class_list":["post-37033","post","type-post","status-publish","format-standard","has-post-thumbnail","hentry","category-actualidad","category-nacionales","category-regionales","category-salud"],"_links":{"self":[{"href":"https:\/\/www.almargenweb.com.ar\/web\/wp-json\/wp\/v2\/posts\/37033","targetHints":{"allow":["GET"]}}],"collection":[{"href":"https:\/\/www.almargenweb.com.ar\/web\/wp-json\/wp\/v2\/posts"}],"about":[{"href":"https:\/\/www.almargenweb.com.ar\/web\/wp-json\/wp\/v2\/types\/post"}],"author":[{"embeddable":true,"href":"https:\/\/www.almargenweb.com.ar\/web\/wp-json\/wp\/v2\/users\/16"}],"replies":[{"embeddable":true,"href":"https:\/\/www.almargenweb.com.ar\/web\/wp-json\/wp\/v2\/comments?post=37033"}],"version-history":[{"count":1,"href":"https:\/\/www.almargenweb.com.ar\/web\/wp-json\/wp\/v2\/posts\/37033\/revisions"}],"predecessor-version":[{"id":37036,"href":"https:\/\/www.almargenweb.com.ar\/web\/wp-json\/wp\/v2\/posts\/37033\/revisions\/37036"}],"wp:featuredmedia":[{"embeddable":true,"href":"https:\/\/www.almargenweb.com.ar\/web\/wp-json\/wp\/v2\/media\/37035"}],"wp:attachment":[{"href":"https:\/\/www.almargenweb.com.ar\/web\/wp-json\/wp\/v2\/media?parent=37033"}],"wp:term":[{"taxonomy":"category","embeddable":true,"href":"https:\/\/www.almargenweb.com.ar\/web\/wp-json\/wp\/v2\/categories?post=37033"},{"taxonomy":"post_tag","embeddable":true,"href":"https:\/\/www.almargenweb.com.ar\/web\/wp-json\/wp\/v2\/tags?post=37033"}],"curies":[{"name":"wp","href":"https:\/\/api.w.org\/{rel}","templated":true}]}}