{"id":37025,"date":"2022-03-25T15:45:41","date_gmt":"2022-03-25T18:45:41","guid":{"rendered":"http:\/\/www.almargenweb.com.ar\/web\/?p=37025"},"modified":"2022-03-25T15:45:43","modified_gmt":"2022-03-25T18:45:43","slug":"esperanza-pescadores-hallan-explosivo-de-guerra-en-las-costas-del-rio-salado","status":"publish","type":"post","link":"https:\/\/www.almargenweb.com.ar\/web\/esperanza-pescadores-hallan-explosivo-de-guerra-en-las-costas-del-rio-salado\/","title":{"rendered":"Esperanza: pescadores hallan explosivo de guerra en las costas del R\u00edo Salado"},"content":{"rendered":"\n<p>En las \u00faltimas horas de la tarde del jueves en aguas del r\u00edo Salado, dos pescadores recorr\u00edan la malla y se encontraron con un proyectil explosivo longil\u00edneo que levantaron con la red y acercaron a la ribera.<\/p>\n\n\n\n<p>Efectivos de la Subcomisar\u00eda 18\u00aa de Esperanza perteneciente a la Unidad Regional XI Las Colonias, que una vez que concurrieron a la costa del r\u00edo observaron el objeto y entendiendo de qu\u00e9 se trataba, convocaron a especialistas de la Brigada de Explosivos,que viajaron desde Santa Fe.<\/p>\n\n\n\n<p>La fiscal\u00eda en turno del MPA ordenaron una explosi\u00f3n controlada del explosivo denominado PAF o PDF que se dispara con fusil, en el caso de que el elemento est\u00e9 en condiciones de su detonaci\u00f3n. <\/p>\n<!-- AddThis Advanced Settings generic via filter on the_content --><!-- AddThis Share Buttons generic via filter on the_content -->","protected":false},"excerpt":{"rendered":"<p>En las \u00faltimas horas de la tarde del jueves en aguas del r\u00edo Salado, dos pescadores [&hellip;]<!-- AddThis Advanced Settings generic via filter on get_the_excerpt --><!-- AddThis Share Buttons generic via filter on get_the_excerpt --><\/p>\n","protected":false},"author":16,"featured_media":37027,"comment_status":"open","ping_status":"open","sticky":false,"template":"","format":"standard","meta":{"_seopress_robots_primary_cat":"none","_seopress_titles_title":"","_seopress_titles_desc":"","_seopress_robots_index":"","_themeisle_gutenberg_block_has_review":false,"footnotes":""},"categories":[2,164,21,47],"tags":[],"class_list":["post-37025","post","type-post","status-publish","format-standard","has-post-thumbnail","hentry","category-actualidad","category-ambiente","category-las-colonias","category-locales"],"_links":{"self":[{"href":"https:\/\/www.almargenweb.com.ar\/web\/wp-json\/wp\/v2\/posts\/37025","targetHints":{"allow":["GET"]}}],"collection":[{"href":"https:\/\/www.almargenweb.com.ar\/web\/wp-json\/wp\/v2\/posts"}],"about":[{"href":"https:\/\/www.almargenweb.com.ar\/web\/wp-json\/wp\/v2\/types\/post"}],"author":[{"embeddable":true,"href":"https:\/\/www.almargenweb.com.ar\/web\/wp-json\/wp\/v2\/users\/16"}],"replies":[{"embeddable":true,"href":"https:\/\/www.almargenweb.com.ar\/web\/wp-json\/wp\/v2\/comments?post=37025"}],"version-history":[{"count":1,"href":"https:\/\/www.almargenweb.com.ar\/web\/wp-json\/wp\/v2\/posts\/37025\/revisions"}],"predecessor-version":[{"id":37028,"href":"https:\/\/www.almargenweb.com.ar\/web\/wp-json\/wp\/v2\/posts\/37025\/revisions\/37028"}],"wp:featuredmedia":[{"embeddable":true,"href":"https:\/\/www.almargenweb.com.ar\/web\/wp-json\/wp\/v2\/media\/37027"}],"wp:attachment":[{"href":"https:\/\/www.almargenweb.com.ar\/web\/wp-json\/wp\/v2\/media?parent=37025"}],"wp:term":[{"taxonomy":"category","embeddable":true,"href":"https:\/\/www.almargenweb.com.ar\/web\/wp-json\/wp\/v2\/categories?post=37025"},{"taxonomy":"post_tag","embeddable":true,"href":"https:\/\/www.almargenweb.com.ar\/web\/wp-json\/wp\/v2\/tags?post=37025"}],"curies":[{"name":"wp","href":"https:\/\/api.w.org\/{rel}","templated":true}]}}