{"id":37011,"date":"2022-03-24T10:25:41","date_gmt":"2022-03-24T13:25:41","guid":{"rendered":"http:\/\/www.almargenweb.com.ar\/web\/?p=37011"},"modified":"2022-03-24T10:25:42","modified_gmt":"2022-03-24T13:25:42","slug":"muller-presento-una-lista-de-unidad-para-liderar-al-radicalismo-esperancino-y-construir-una-alternativa","status":"publish","type":"post","link":"https:\/\/www.almargenweb.com.ar\/web\/muller-presento-una-lista-de-unidad-para-liderar-al-radicalismo-esperancino-y-construir-una-alternativa\/","title":{"rendered":"M\u00fcller present\u00f3 una lista de unidad para liderar al radicalismo esperancino y \u201cconstruir una alternativa\u201d"},"content":{"rendered":"\n<p>De cara a una nueva elecci\u00f3n de autoridades del radicalismo esperancino, el pasado viernes se present\u00f3 una lista de unidad, que incluye a numerosos sectores que integran el Comit\u00e9 de la UCR Esperanza, encabezada por el concejal Rodrigo M\u00fcller e integrada entre otros por el sector Evoluci\u00f3n, por Roberto Celano del sector universidad af\u00edn a Mario Barletta, integrantes de la JR y nuevas figuras que se suman al partido.<\/p>\n\n\n\n<p>Al respecto, el precandidato a presidente manifest\u00f3 que \u201cel objetivo es promover el trabajo en conjunto para consolidar el partido y construir una alternativa de gobierno para la ciudad\u201d.<\/p>\n\n\n\n<p>&#8220;Es un enorme desaf\u00edo que voy a encarar con entusiasmo, como cada vez que tengo una responsabilidad de gesti\u00f3n\u201d, a\u00f1adi\u00f3 el concejal y luego remarc\u00f3 que \u201cnecesitamos promover un radicalismo m\u00e1s amplio y con una voz m\u00e1s potente para conformar un Frente Electoral Program\u00e1tico para el 2023\u201d.<\/p>\n\n\n\n<p>\u201cA partir del dialogo logramos construir una lista con excelentes personas y coincidente con los valores que me identifican. Vamos a construir la oportunidad de que se sumen nuevas voces para tratar de retomar la agenda que ven\u00eda planteando desde el Concejo Municipal\u201d, remarc\u00f3 M\u00fcller.<\/p>\n\n\n\n<p>La lista que encabezar\u00e1 M\u00fcller se conform\u00f3 con paridad de g\u00e9nero: \u201ces con el consenso, es con la gente que milit\u00f3 toda su vida y se entreg\u00f3 al partido, es con los que piensan distinto dentro del mismo partido y con much\u00edsima gente nueva que me dice; \u00b4Rodrigo quiero participar, para cambiar las cosas en la ciudad\u00b4\u201d, explic\u00f3 el precandidato a presidente del radicalismo esperancino.<\/p>\n\n\n\n<p>Por otro lado, el concejal consider\u00f3 que \u201cel partido debe volver a abrazar el reformismo, porque la Esperanza de hoy no es la misma de hace 15 a\u00f1os atr\u00e1s. Si no tenemos un partido que piense transformarle la vida a los esperancinos mejor nos dedicamos a otra cosa\u201d.<\/p>\n\n\n\n<p>Finalmente, sobre presentaci\u00f3n de otra lista, vinculada a integrantes del movimiento nacional de la militancia, M\u00fcller manifest\u00f3 que \u201cestamos dialogando, sobre la base de una buena relaci\u00f3n que tenemos, para lograr que se integren en un lista en com\u00fan y evitar cualquier situaci\u00f3n de llegar a celebrar internas. La gente nos quiere unidos y siendo alternativa al gobierno municipal, no pugnando entre todos los matices que hay dentro de la UCR\u201d.<\/p>\n<!-- AddThis Advanced Settings generic via filter on the_content --><!-- AddThis Share Buttons generic via filter on the_content -->","protected":false},"excerpt":{"rendered":"<p>De cara a una nueva elecci\u00f3n de autoridades del radicalismo esperancino, el pasado viernes se present\u00f3 [&hellip;]<!-- AddThis Advanced Settings generic via filter on get_the_excerpt --><!-- AddThis Share Buttons generic via filter on get_the_excerpt --><\/p>\n","protected":false},"author":16,"featured_media":37013,"comment_status":"open","ping_status":"open","sticky":false,"template":"","format":"standard","meta":{"_seopress_robots_primary_cat":"none","_seopress_titles_title":"","_seopress_titles_desc":"","_seopress_robots_index":"","_themeisle_gutenberg_block_has_review":false,"footnotes":""},"categories":[2,164,21,47,9],"tags":[],"class_list":["post-37011","post","type-post","status-publish","format-standard","has-post-thumbnail","hentry","category-actualidad","category-ambiente","category-las-colonias","category-locales","category-politica"],"_links":{"self":[{"href":"https:\/\/www.almargenweb.com.ar\/web\/wp-json\/wp\/v2\/posts\/37011","targetHints":{"allow":["GET"]}}],"collection":[{"href":"https:\/\/www.almargenweb.com.ar\/web\/wp-json\/wp\/v2\/posts"}],"about":[{"href":"https:\/\/www.almargenweb.com.ar\/web\/wp-json\/wp\/v2\/types\/post"}],"author":[{"embeddable":true,"href":"https:\/\/www.almargenweb.com.ar\/web\/wp-json\/wp\/v2\/users\/16"}],"replies":[{"embeddable":true,"href":"https:\/\/www.almargenweb.com.ar\/web\/wp-json\/wp\/v2\/comments?post=37011"}],"version-history":[{"count":1,"href":"https:\/\/www.almargenweb.com.ar\/web\/wp-json\/wp\/v2\/posts\/37011\/revisions"}],"predecessor-version":[{"id":37014,"href":"https:\/\/www.almargenweb.com.ar\/web\/wp-json\/wp\/v2\/posts\/37011\/revisions\/37014"}],"wp:featuredmedia":[{"embeddable":true,"href":"https:\/\/www.almargenweb.com.ar\/web\/wp-json\/wp\/v2\/media\/37013"}],"wp:attachment":[{"href":"https:\/\/www.almargenweb.com.ar\/web\/wp-json\/wp\/v2\/media?parent=37011"}],"wp:term":[{"taxonomy":"category","embeddable":true,"href":"https:\/\/www.almargenweb.com.ar\/web\/wp-json\/wp\/v2\/categories?post=37011"},{"taxonomy":"post_tag","embeddable":true,"href":"https:\/\/www.almargenweb.com.ar\/web\/wp-json\/wp\/v2\/tags?post=37011"}],"curies":[{"name":"wp","href":"https:\/\/api.w.org\/{rel}","templated":true}]}}