{"id":37007,"date":"2022-03-23T13:56:56","date_gmt":"2022-03-23T16:56:56","guid":{"rendered":"http:\/\/www.almargenweb.com.ar\/web\/?p=37007"},"modified":"2022-03-23T13:56:57","modified_gmt":"2022-03-23T16:56:57","slug":"inflacion-los-supermercados-asumieron-retrotraer-los-precios-al-10-de-marzo-pasado","status":"publish","type":"post","link":"https:\/\/www.almargenweb.com.ar\/web\/inflacion-los-supermercados-asumieron-retrotraer-los-precios-al-10-de-marzo-pasado\/","title":{"rendered":"Inflaci\u00f3n: los supermercados asumieron retrotraer los precios al 10 de marzo pasado"},"content":{"rendered":"\n<p>Los precios de 580 productos que registraron incrementos excesivos en las \u00faltimas semanas se retrotraer\u00e1n a partir de ma\u00f1ana a los valores vigentes al 10 de marzo pasado, de acuerdo con un compromiso asumido por las grandes cadenas de supermercados de todo el pa\u00eds, inform\u00f3 hoy la Secretar\u00eda de Comercio Interior.<\/p>\n\n\n\n<p>Los productos que retrotraer\u00e1n sus precios corresponden a los rubros alimentos, limpieza e higiene personal, entre otros.<\/p>\n\n\n\n<p>Las cadenas que presentaban mayores niveles de aumento fueron Walmart\/Changomas y el grupo Cencosud, propietario de las firmas Jumbo, Vea y Disco.<\/p>\n\n\n\n<p>El 10 de marzo, identifica el Gobierno, fue una fecha bisagra. Tanto el ministro como el secretario reconoc\u00edan, de acuerdo a datos de relevamientos, que en ese momento se produjo una importante remarcaci\u00f3n de los precios en las g\u00f3ndolas.<\/p>\n\n\n\n<p>Febrero marc\u00f3 una inflaci\u00f3n del 4,7%, donde los principales aumentos se registraron en el rubro \u201cAlimentos y bebidas no alcoh\u00f3licas\u201d.<\/p>\n\n\n\n<p>Para esta categor\u00eda, el alza a nivel nacional en el segundo mes del a\u00f1o fue del 7,5%, que adem\u00e1s de tener la mayor incidencia en todas las regiones, en el promedio, aport\u00f3 m\u00e1s de 2 puntos porcentuales a la suba del nivel general de inflaci\u00f3n.<\/p>\n<!-- AddThis Advanced Settings generic via filter on the_content --><!-- AddThis Share Buttons generic via filter on the_content -->","protected":false},"excerpt":{"rendered":"<p>Los precios de 580 productos que registraron incrementos excesivos en las \u00faltimas semanas se retrotraer\u00e1n a [&hellip;]<!-- AddThis Advanced Settings generic via filter on get_the_excerpt --><!-- AddThis Share Buttons generic via filter on get_the_excerpt --><\/p>\n","protected":false},"author":16,"featured_media":37009,"comment_status":"open","ping_status":"open","sticky":false,"template":"","format":"standard","meta":{"_seopress_robots_primary_cat":"none","_seopress_titles_title":"","_seopress_titles_desc":"","_seopress_robots_index":"","_themeisle_gutenberg_block_has_review":false,"footnotes":""},"categories":[2,164,5,47,140,9],"tags":[],"class_list":["post-37007","post","type-post","status-publish","format-standard","has-post-thumbnail","hentry","category-actualidad","category-ambiente","category-economia","category-locales","category-nacionales","category-politica"],"_links":{"self":[{"href":"https:\/\/www.almargenweb.com.ar\/web\/wp-json\/wp\/v2\/posts\/37007","targetHints":{"allow":["GET"]}}],"collection":[{"href":"https:\/\/www.almargenweb.com.ar\/web\/wp-json\/wp\/v2\/posts"}],"about":[{"href":"https:\/\/www.almargenweb.com.ar\/web\/wp-json\/wp\/v2\/types\/post"}],"author":[{"embeddable":true,"href":"https:\/\/www.almargenweb.com.ar\/web\/wp-json\/wp\/v2\/users\/16"}],"replies":[{"embeddable":true,"href":"https:\/\/www.almargenweb.com.ar\/web\/wp-json\/wp\/v2\/comments?post=37007"}],"version-history":[{"count":1,"href":"https:\/\/www.almargenweb.com.ar\/web\/wp-json\/wp\/v2\/posts\/37007\/revisions"}],"predecessor-version":[{"id":37010,"href":"https:\/\/www.almargenweb.com.ar\/web\/wp-json\/wp\/v2\/posts\/37007\/revisions\/37010"}],"wp:featuredmedia":[{"embeddable":true,"href":"https:\/\/www.almargenweb.com.ar\/web\/wp-json\/wp\/v2\/media\/37009"}],"wp:attachment":[{"href":"https:\/\/www.almargenweb.com.ar\/web\/wp-json\/wp\/v2\/media?parent=37007"}],"wp:term":[{"taxonomy":"category","embeddable":true,"href":"https:\/\/www.almargenweb.com.ar\/web\/wp-json\/wp\/v2\/categories?post=37007"},{"taxonomy":"post_tag","embeddable":true,"href":"https:\/\/www.almargenweb.com.ar\/web\/wp-json\/wp\/v2\/tags?post=37007"}],"curies":[{"name":"wp","href":"https:\/\/api.w.org\/{rel}","templated":true}]}}