{"id":36966,"date":"2022-03-17T13:40:19","date_gmt":"2022-03-17T16:40:19","guid":{"rendered":"http:\/\/www.almargenweb.com.ar\/web\/?p=36966"},"modified":"2022-03-17T13:40:20","modified_gmt":"2022-03-17T16:40:20","slug":"como-es-el-diseno-del-motor-que-funciona-con-agua-salada","status":"publish","type":"post","link":"https:\/\/www.almargenweb.com.ar\/web\/como-es-el-diseno-del-motor-que-funciona-con-agua-salada\/","title":{"rendered":"\u00bfC\u00f3mo es el dise\u00f1o del motor que funciona con agua salada?"},"content":{"rendered":"\n<p>Santiago Herrera, un joven salte\u00f1o\u00a0de 18 a\u00f1os, se encontraba en su clase de qu\u00edmica cuando uno de sus profesores habl\u00f3 sobre la electr\u00f3lisis y sus beneficios.<\/p>\n\n\n\n<p>La electr\u00f3lisises un proceso que separa los elementos de un compuesto por medio de la electricidad. En el proceso se liberan electrones por los aniones en el \u00e1nodo y se captan electrones por el c\u00e1todo.<\/p>\n\n\n\n<p>La electr\u00f3lisis se usa generalmente para dividir las mol\u00e9culas del agua, es decir, se consigue separar el hidr\u00f3geno y el ox\u00edgeno a trav\u00e9s de la electricidad.<\/p>\n\n\n\n<p>De producirse a gran escala, el motor dise\u00f1ado por Santiago, ser\u00eda una soluci\u00f3n ecol\u00f3gica que transformar\u00eda por completo la industria automotriz.<\/p>\n\n\n\n<p><\/p>\n<!-- AddThis Advanced Settings generic via filter on the_content --><!-- AddThis Share Buttons generic via filter on the_content -->","protected":false},"excerpt":{"rendered":"<p>Santiago Herrera, un joven salte\u00f1o\u00a0de 18 a\u00f1os, se encontraba en su clase de qu\u00edmica cuando uno [&hellip;]<!-- AddThis Advanced Settings generic via filter on get_the_excerpt --><!-- AddThis Share Buttons generic via filter on get_the_excerpt --><\/p>\n","protected":false},"author":16,"featured_media":36968,"comment_status":"open","ping_status":"open","sticky":false,"template":"","format":"standard","meta":{"_seopress_robots_primary_cat":"none","_seopress_titles_title":"","_seopress_titles_desc":"","_seopress_robots_index":"","_themeisle_gutenberg_block_has_review":false,"footnotes":""},"categories":[2,164,19],"tags":[],"class_list":["post-36966","post","type-post","status-publish","format-standard","has-post-thumbnail","hentry","category-actualidad","category-ambiente","category-educacion"],"_links":{"self":[{"href":"https:\/\/www.almargenweb.com.ar\/web\/wp-json\/wp\/v2\/posts\/36966","targetHints":{"allow":["GET"]}}],"collection":[{"href":"https:\/\/www.almargenweb.com.ar\/web\/wp-json\/wp\/v2\/posts"}],"about":[{"href":"https:\/\/www.almargenweb.com.ar\/web\/wp-json\/wp\/v2\/types\/post"}],"author":[{"embeddable":true,"href":"https:\/\/www.almargenweb.com.ar\/web\/wp-json\/wp\/v2\/users\/16"}],"replies":[{"embeddable":true,"href":"https:\/\/www.almargenweb.com.ar\/web\/wp-json\/wp\/v2\/comments?post=36966"}],"version-history":[{"count":1,"href":"https:\/\/www.almargenweb.com.ar\/web\/wp-json\/wp\/v2\/posts\/36966\/revisions"}],"predecessor-version":[{"id":36969,"href":"https:\/\/www.almargenweb.com.ar\/web\/wp-json\/wp\/v2\/posts\/36966\/revisions\/36969"}],"wp:featuredmedia":[{"embeddable":true,"href":"https:\/\/www.almargenweb.com.ar\/web\/wp-json\/wp\/v2\/media\/36968"}],"wp:attachment":[{"href":"https:\/\/www.almargenweb.com.ar\/web\/wp-json\/wp\/v2\/media?parent=36966"}],"wp:term":[{"taxonomy":"category","embeddable":true,"href":"https:\/\/www.almargenweb.com.ar\/web\/wp-json\/wp\/v2\/categories?post=36966"},{"taxonomy":"post_tag","embeddable":true,"href":"https:\/\/www.almargenweb.com.ar\/web\/wp-json\/wp\/v2\/tags?post=36966"}],"curies":[{"name":"wp","href":"https:\/\/api.w.org\/{rel}","templated":true}]}}