{"id":36962,"date":"2022-03-17T12:55:34","date_gmt":"2022-03-17T15:55:34","guid":{"rendered":"http:\/\/www.almargenweb.com.ar\/web\/?p=36962"},"modified":"2022-03-17T12:55:36","modified_gmt":"2022-03-17T15:55:36","slug":"el-verano-comienza-a-despedirse-un-frente-frio-traera-un-marcado-descenso-de-temperaturas","status":"publish","type":"post","link":"https:\/\/www.almargenweb.com.ar\/web\/el-verano-comienza-a-despedirse-un-frente-frio-traera-un-marcado-descenso-de-temperaturas\/","title":{"rendered":"El verano comienza a despedirse: un frente fr\u00edo traer\u00e1 un marcado descenso de temperaturas"},"content":{"rendered":"\n<p>El Servicio Meteorol\u00f3gico Nacional (SMN) anuncia para este jueves 17 de marzo en Esperanza y zona, buenas condiciones de tiempo, ultimas horas de calor intenso de verano.<\/p>\n\n\n\n<p>Con cielo parcialmente nublado, alta humedad y con chances de que la tarde se presente tan c\u00e1lida como la de ayer.<\/p>\n\n\n\n<p>Por otro lado, se estar\u00e1 viendo el avance de un frente fr\u00edo sobre el sur pampeano, con viento del sector sur y evoluci\u00f3n de algunos chaparrones en La Pampa y provincia de Buenos Aires, aunque con poco cambio en la temperatura.<\/p>\n\n\n\n<p>Para ma\u00f1ana viernes, cuando llegar\u00eda a esta zona el fuerte descenso de temperaturas, est\u00e1n previstas algunas precipitaciones. Para el fin de semana se prev\u00e9n temperaturas m\u00ednimas por debajo de 10 grados en la zona.<\/p>\n<!-- AddThis Advanced Settings generic via filter on the_content --><!-- AddThis Share Buttons generic via filter on the_content -->","protected":false},"excerpt":{"rendered":"<p>El Servicio Meteorol\u00f3gico Nacional (SMN) anuncia para este jueves 17 de marzo en Esperanza y zona, [&hellip;]<!-- AddThis Advanced Settings generic via filter on get_the_excerpt --><!-- AddThis Share Buttons generic via filter on get_the_excerpt --><\/p>\n","protected":false},"author":16,"featured_media":36964,"comment_status":"open","ping_status":"open","sticky":false,"template":"","format":"standard","meta":{"_seopress_robots_primary_cat":"none","_seopress_titles_title":"","_seopress_titles_desc":"","_seopress_robots_index":"","_themeisle_gutenberg_block_has_review":false,"footnotes":""},"categories":[2,164,21,47,29],"tags":[],"class_list":["post-36962","post","type-post","status-publish","format-standard","has-post-thumbnail","hentry","category-actualidad","category-ambiente","category-las-colonias","category-locales","category-regionales"],"_links":{"self":[{"href":"https:\/\/www.almargenweb.com.ar\/web\/wp-json\/wp\/v2\/posts\/36962","targetHints":{"allow":["GET"]}}],"collection":[{"href":"https:\/\/www.almargenweb.com.ar\/web\/wp-json\/wp\/v2\/posts"}],"about":[{"href":"https:\/\/www.almargenweb.com.ar\/web\/wp-json\/wp\/v2\/types\/post"}],"author":[{"embeddable":true,"href":"https:\/\/www.almargenweb.com.ar\/web\/wp-json\/wp\/v2\/users\/16"}],"replies":[{"embeddable":true,"href":"https:\/\/www.almargenweb.com.ar\/web\/wp-json\/wp\/v2\/comments?post=36962"}],"version-history":[{"count":1,"href":"https:\/\/www.almargenweb.com.ar\/web\/wp-json\/wp\/v2\/posts\/36962\/revisions"}],"predecessor-version":[{"id":36965,"href":"https:\/\/www.almargenweb.com.ar\/web\/wp-json\/wp\/v2\/posts\/36962\/revisions\/36965"}],"wp:featuredmedia":[{"embeddable":true,"href":"https:\/\/www.almargenweb.com.ar\/web\/wp-json\/wp\/v2\/media\/36964"}],"wp:attachment":[{"href":"https:\/\/www.almargenweb.com.ar\/web\/wp-json\/wp\/v2\/media?parent=36962"}],"wp:term":[{"taxonomy":"category","embeddable":true,"href":"https:\/\/www.almargenweb.com.ar\/web\/wp-json\/wp\/v2\/categories?post=36962"},{"taxonomy":"post_tag","embeddable":true,"href":"https:\/\/www.almargenweb.com.ar\/web\/wp-json\/wp\/v2\/tags?post=36962"}],"curies":[{"name":"wp","href":"https:\/\/api.w.org\/{rel}","templated":true}]}}