{"id":36948,"date":"2022-03-16T14:09:00","date_gmt":"2022-03-16T17:09:00","guid":{"rendered":"http:\/\/www.almargenweb.com.ar\/web\/?p=36948"},"modified":"2022-03-16T14:09:01","modified_gmt":"2022-03-16T17:09:01","slug":"la-inflacion-de-los-aliemntos-desde-la-lechuga-a-la-carne-los-que-mas-subieron-de-precio-en-febrero","status":"publish","type":"post","link":"https:\/\/www.almargenweb.com.ar\/web\/la-inflacion-de-los-aliemntos-desde-la-lechuga-a-la-carne-los-que-mas-subieron-de-precio-en-febrero\/","title":{"rendered":"La inflaci\u00f3n de los aliemntos: desde la lechuga a la carne, los que m\u00e1s subieron de precio en febrero"},"content":{"rendered":"\n<p>La inflaci\u00f3n se aceler\u00f3 a 4,7% en febrero, su mayor nivel en 11 meses, seg\u00fan inform\u00f3 este martes el INDEC. El \u00cdndice de Precios al Consumidor (IPC) fue impulsado nuevamente por grandes aumentos en alimentos y en los \u00faltimos 12 meses trep\u00f3 52,3%.<\/p>\n\n\n\n<p>En Econom\u00eda adjudican el aumento al \u201cimpacto de la suba de precios internacionales de los principales commodities, debido a la sequ\u00eda y al conflicto en Ucrania\u201d.<\/p>\n\n\n\n<p>La suba provino de harina, fideos y aceites, afectados por el salto en el precio global de los granos y de carnes, fundamentalmente por la escasez en el mercado de hacienda. El precio de las frutas y verduras se ve afectado por cuestiones estacionales y de sequ\u00eda.<\/p>\n\n\n\n<p>De acuerdo con los datos que dio a conocer el Indec, el top 10 de los alimentos y bebidas que m\u00e1s aumentaron de precio en febrero estuvo integrado por la lechuga, que subi\u00f3 72,7% respecto de enero; tomate redondo, 40,8%; cebolla, 30,8%; lim\u00f3n, 27%; huevos de gallina, 22,5%; naranja, 19,8%; papa, 16,3%; leche en polvo entera, 15,8%; carne picada, 11,7%, y manzana, 10,9 por ciento.<\/p>\n<!-- AddThis Advanced Settings generic via filter on the_content --><!-- AddThis Share Buttons generic via filter on the_content -->","protected":false},"excerpt":{"rendered":"<p>La inflaci\u00f3n se aceler\u00f3 a 4,7% en febrero, su mayor nivel en 11 meses, seg\u00fan inform\u00f3 [&hellip;]<!-- AddThis Advanced Settings generic via filter on get_the_excerpt --><!-- AddThis Share Buttons generic via filter on get_the_excerpt --><\/p>\n","protected":false},"author":16,"featured_media":36950,"comment_status":"open","ping_status":"open","sticky":false,"template":"","format":"standard","meta":{"_seopress_robots_primary_cat":"none","_seopress_titles_title":"","_seopress_titles_desc":"","_seopress_robots_index":"","_themeisle_gutenberg_block_has_review":false,"footnotes":""},"categories":[2,164,5,140,9],"tags":[],"class_list":["post-36948","post","type-post","status-publish","format-standard","has-post-thumbnail","hentry","category-actualidad","category-ambiente","category-economia","category-nacionales","category-politica"],"_links":{"self":[{"href":"https:\/\/www.almargenweb.com.ar\/web\/wp-json\/wp\/v2\/posts\/36948","targetHints":{"allow":["GET"]}}],"collection":[{"href":"https:\/\/www.almargenweb.com.ar\/web\/wp-json\/wp\/v2\/posts"}],"about":[{"href":"https:\/\/www.almargenweb.com.ar\/web\/wp-json\/wp\/v2\/types\/post"}],"author":[{"embeddable":true,"href":"https:\/\/www.almargenweb.com.ar\/web\/wp-json\/wp\/v2\/users\/16"}],"replies":[{"embeddable":true,"href":"https:\/\/www.almargenweb.com.ar\/web\/wp-json\/wp\/v2\/comments?post=36948"}],"version-history":[{"count":1,"href":"https:\/\/www.almargenweb.com.ar\/web\/wp-json\/wp\/v2\/posts\/36948\/revisions"}],"predecessor-version":[{"id":36951,"href":"https:\/\/www.almargenweb.com.ar\/web\/wp-json\/wp\/v2\/posts\/36948\/revisions\/36951"}],"wp:featuredmedia":[{"embeddable":true,"href":"https:\/\/www.almargenweb.com.ar\/web\/wp-json\/wp\/v2\/media\/36950"}],"wp:attachment":[{"href":"https:\/\/www.almargenweb.com.ar\/web\/wp-json\/wp\/v2\/media?parent=36948"}],"wp:term":[{"taxonomy":"category","embeddable":true,"href":"https:\/\/www.almargenweb.com.ar\/web\/wp-json\/wp\/v2\/categories?post=36948"},{"taxonomy":"post_tag","embeddable":true,"href":"https:\/\/www.almargenweb.com.ar\/web\/wp-json\/wp\/v2\/tags?post=36948"}],"curies":[{"name":"wp","href":"https:\/\/api.w.org\/{rel}","templated":true}]}}