{"id":36943,"date":"2022-03-15T10:02:32","date_gmt":"2022-03-15T13:02:32","guid":{"rendered":"http:\/\/www.almargenweb.com.ar\/web\/?p=36943"},"modified":"2022-03-15T10:02:34","modified_gmt":"2022-03-15T13:02:34","slug":"narcomenudeo-muller-solicito-una-audiencia-con-la-fiscalia-federal-para-conocer-la-situacion-de-las-causas","status":"publish","type":"post","link":"https:\/\/www.almargenweb.com.ar\/web\/narcomenudeo-muller-solicito-una-audiencia-con-la-fiscalia-federal-para-conocer-la-situacion-de-las-causas\/","title":{"rendered":"Narcomenudeo: M\u00fcller solicit\u00f3 una audiencia con la Fiscal\u00eda Federal para conocer la situaci\u00f3n de las causas"},"content":{"rendered":"\n<p>El concejal Rodrigo M\u00fcller pidi\u00f3 una audiencia a la Fiscal\u00eda Federal en Santa Fe para saber c\u00f3mo avanzan las causas contra el narcomenudeo en Esperanza y, del mismo modo, solicit\u00f3 una reuni\u00f3n con autoridades de la Agencia de Prevenci\u00f3n del Consumo de Drogas y Tratamiento Integral de las Adicciones (APRECOD) para interiorizarse sobre los m\u00e9todos de abordaje territorial que llevan adelante en nuestra ciudad. <\/p>\n\n\n\n<p>Al respecto, el edil remarc\u00f3 que \u201cla ciudadan\u00eda necesita saber qu\u00e9 se est\u00e1 haciendo para combatir este flagelo\u201d.<\/p>\n\n\n\n<p>M\u00fcller explic\u00f3 que \u201ca\u00fan no recibi\u00f3 respuesta de ninguno de los entes\u201d pero ve con esperanza \u201cel nuevo trabajo que van a encarar las dependencias de la Direcci\u00f3n de Drogas Peligrosas de Santa Fe y el Ministerio P\u00fablico Fiscal (MPA)\u201d<br>\u201cLa ciudadan\u00eda exige respuestas inmediatas pero esta problem\u00e1tica no se resuelve de la noche a la ma\u00f1ana sino que necesitamos de un trabajo interdisciplinario para lograr los objetivos. <\/p>\n\n\n\n<p>Debemos trazar un camino y continuarlo porque sino nunca vamos a llegar a la soluci\u00f3n\u201d, agreg\u00f3 el referente radical.<\/p>\n\n\n\n<figure class=\"wp-block-image size-large is-resized\"><img loading=\"lazy\" decoding=\"async\" src=\"https:\/\/www.almargenweb.com.ar\/web\/wp-content\/uploads\/2022\/03\/post-1024x1024.jpg\" alt=\"\" class=\"wp-image-36945\" width=\"767\" height=\"767\" srcset=\"https:\/\/www.almargenweb.com.ar\/web\/wp-content\/uploads\/2022\/03\/post-1024x1024.jpg 1024w, https:\/\/www.almargenweb.com.ar\/web\/wp-content\/uploads\/2022\/03\/post-300x300.jpg 300w, https:\/\/www.almargenweb.com.ar\/web\/wp-content\/uploads\/2022\/03\/post-150x150.jpg 150w, https:\/\/www.almargenweb.com.ar\/web\/wp-content\/uploads\/2022\/03\/post-768x768.jpg 768w, https:\/\/www.almargenweb.com.ar\/web\/wp-content\/uploads\/2022\/03\/post.jpg 1200w\" sizes=\"auto, (max-width: 767px) 100vw, 767px\" \/><figcaption>El &#8220;Buzon de Vida&#8221; lleva 9 meses en funcion, reciebiendo denuncias anonimas de los esperancinos.<\/figcaption><\/figure>\n\n\n\n<p>Particularmente sobre la audiencia con autoridades de APRECOD, M\u00fcller lament\u00f3 que \u201cLas Colonias sea uno de los tres departamentos de la provincia que no posee un dispositivo de intervenci\u00f3n para este tipo de problem\u00e1ticas, seg\u00fan el mapa que realiz\u00f3 el SEDRONAR\u201d. <\/p>\n\n\n\n<p>En \u00e9se sentido, consider\u00f3 que \u201cla soluci\u00f3n se logra a trav\u00e9s de un abordaje integral, desde la infraestructura barrial hasta la educaci\u00f3n y el empleo, m\u00e1s all\u00e1 d ellas competencias policiales de la provincia y de la Naci\u00f3n\u201d.<\/p>\n\n\n\n<p><br>Por \u00faltimo, el concejal expres\u00f3 que \u201cla falta de proyectos de vida en los j\u00f3venes es una situaci\u00f3n que me sensibiliza mucho. Estoy convencido de que en Esperanza hay que pelear pibe por pibe contra la carrera que ofrece el delito. Nuestros j\u00f3venes tienen que ver y sentir que pueden hacer las cosas de otro modo y que hay otro camino para seguir\u201d.<\/p>\n<!-- AddThis Advanced Settings generic via filter on the_content --><!-- AddThis Share Buttons generic via filter on the_content -->","protected":false},"excerpt":{"rendered":"<p>El concejal Rodrigo M\u00fcller pidi\u00f3 una audiencia a la Fiscal\u00eda Federal en Santa Fe para saber [&hellip;]<!-- AddThis Advanced Settings generic via filter on get_the_excerpt --><!-- AddThis Share Buttons generic via filter on get_the_excerpt --><\/p>\n","protected":false},"author":16,"featured_media":36946,"comment_status":"open","ping_status":"open","sticky":false,"template":"","format":"standard","meta":{"_seopress_robots_primary_cat":"none","_seopress_titles_title":"","_seopress_titles_desc":"","_seopress_robots_index":"","_themeisle_gutenberg_block_has_review":false,"footnotes":""},"categories":[2,164,21,47,9,15],"tags":[],"class_list":["post-36943","post","type-post","status-publish","format-standard","has-post-thumbnail","hentry","category-actualidad","category-ambiente","category-las-colonias","category-locales","category-politica","category-salud"],"_links":{"self":[{"href":"https:\/\/www.almargenweb.com.ar\/web\/wp-json\/wp\/v2\/posts\/36943","targetHints":{"allow":["GET"]}}],"collection":[{"href":"https:\/\/www.almargenweb.com.ar\/web\/wp-json\/wp\/v2\/posts"}],"about":[{"href":"https:\/\/www.almargenweb.com.ar\/web\/wp-json\/wp\/v2\/types\/post"}],"author":[{"embeddable":true,"href":"https:\/\/www.almargenweb.com.ar\/web\/wp-json\/wp\/v2\/users\/16"}],"replies":[{"embeddable":true,"href":"https:\/\/www.almargenweb.com.ar\/web\/wp-json\/wp\/v2\/comments?post=36943"}],"version-history":[{"count":1,"href":"https:\/\/www.almargenweb.com.ar\/web\/wp-json\/wp\/v2\/posts\/36943\/revisions"}],"predecessor-version":[{"id":36947,"href":"https:\/\/www.almargenweb.com.ar\/web\/wp-json\/wp\/v2\/posts\/36943\/revisions\/36947"}],"wp:featuredmedia":[{"embeddable":true,"href":"https:\/\/www.almargenweb.com.ar\/web\/wp-json\/wp\/v2\/media\/36946"}],"wp:attachment":[{"href":"https:\/\/www.almargenweb.com.ar\/web\/wp-json\/wp\/v2\/media?parent=36943"}],"wp:term":[{"taxonomy":"category","embeddable":true,"href":"https:\/\/www.almargenweb.com.ar\/web\/wp-json\/wp\/v2\/categories?post=36943"},{"taxonomy":"post_tag","embeddable":true,"href":"https:\/\/www.almargenweb.com.ar\/web\/wp-json\/wp\/v2\/tags?post=36943"}],"curies":[{"name":"wp","href":"https:\/\/api.w.org\/{rel}","templated":true}]}}