{"id":36923,"date":"2022-03-10T12:33:18","date_gmt":"2022-03-10T15:33:18","guid":{"rendered":"http:\/\/www.almargenweb.com.ar\/web\/?p=36923"},"modified":"2022-03-10T12:33:19","modified_gmt":"2022-03-10T15:33:19","slug":"conflicto-belico-espana-y-francia-le-propusieron-a-la-ue-comprarle-cereales-a-la-argentina","status":"publish","type":"post","link":"https:\/\/www.almargenweb.com.ar\/web\/conflicto-belico-espana-y-francia-le-propusieron-a-la-ue-comprarle-cereales-a-la-argentina\/","title":{"rendered":"Conflicto b\u00e9lico; Espa\u00f1a y Francia le propusieron a la UE comprarle cereales a la Argentina"},"content":{"rendered":"\n<p>Espa\u00f1a y Francia propusieron a la Uni\u00f3n Europea (UE) eliminar las restricciones hacia los granos gen\u00e9ticamente modificados provenientes de la Argentina, el resto de Sudam\u00e9rica y Estados Unidos para incrementar los inventarios, frente al corte de importaciones desde Rusia, por el conflicto belico actual.<\/p>\n\n\n\n<p>Rusia es el mayor exportador de granos organicos, no transgenicos, hacia toda la Union Europea, y Ucrania -el cuarto exportador mundial de alimentos- representaba el 30% y el 62% de las importaciones de ma\u00edz y aceite de girasol, respectivamente, a Espa\u00f1a, seg\u00fan Planas.<\/p>\n\n\n\n<p>La UE, hasta el momento, hab\u00eda adoptado una estrategia que buscaba incentivar la producci\u00f3n org\u00e1nica y el recorte de granos con uso de pesticidas.<\/p>\n\n\n\n<p>El funcionario de la Moncloa justific\u00f3 la liberaci\u00f3n de las restricciones de env\u00edos de pa\u00edses como la Argentina, en el hecho de que Europa tardar\u00e1 a\u00f1os en alcanzar el autoabastecimiento de prote\u00ednas vegetales.<\/p>\n\n\n\n<p>La patronal espa\u00f1ola record\u00f3 que en la Argentina hay disponibles 7,5 millones de toneladas de ma\u00edz (sum\u00e1ndose otras 15,4 a partir de fines de marzo) y 100.000 toneladas de semilla de girasol.<\/p>\n\n\n\n<p>Estas cantidades servir\u00edan para cubrir sobradamente las necesidades de la producci\u00f3n espa\u00f1ola de alimentos compuestos para animales y buena parte de la demanda europea<\/p>\n<!-- AddThis Advanced Settings generic via filter on the_content --><!-- AddThis Share Buttons generic via filter on the_content -->","protected":false},"excerpt":{"rendered":"<p>Espa\u00f1a y Francia propusieron a la Uni\u00f3n Europea (UE) eliminar las restricciones hacia los granos gen\u00e9ticamente [&hellip;]<!-- AddThis Advanced Settings generic via filter on get_the_excerpt --><!-- AddThis Share Buttons generic via filter on get_the_excerpt --><\/p>\n","protected":false},"author":16,"featured_media":36925,"comment_status":"open","ping_status":"open","sticky":false,"template":"","format":"standard","meta":{"_seopress_robots_primary_cat":"none","_seopress_titles_title":"","_seopress_titles_desc":"","_seopress_robots_index":"","_themeisle_gutenberg_block_has_review":false,"footnotes":""},"categories":[2,164,5,175,140,9,15],"tags":[],"class_list":["post-36923","post","type-post","status-publish","format-standard","has-post-thumbnail","hentry","category-actualidad","category-ambiente","category-economia","category-internacionales","category-nacionales","category-politica","category-salud"],"_links":{"self":[{"href":"https:\/\/www.almargenweb.com.ar\/web\/wp-json\/wp\/v2\/posts\/36923","targetHints":{"allow":["GET"]}}],"collection":[{"href":"https:\/\/www.almargenweb.com.ar\/web\/wp-json\/wp\/v2\/posts"}],"about":[{"href":"https:\/\/www.almargenweb.com.ar\/web\/wp-json\/wp\/v2\/types\/post"}],"author":[{"embeddable":true,"href":"https:\/\/www.almargenweb.com.ar\/web\/wp-json\/wp\/v2\/users\/16"}],"replies":[{"embeddable":true,"href":"https:\/\/www.almargenweb.com.ar\/web\/wp-json\/wp\/v2\/comments?post=36923"}],"version-history":[{"count":1,"href":"https:\/\/www.almargenweb.com.ar\/web\/wp-json\/wp\/v2\/posts\/36923\/revisions"}],"predecessor-version":[{"id":36926,"href":"https:\/\/www.almargenweb.com.ar\/web\/wp-json\/wp\/v2\/posts\/36923\/revisions\/36926"}],"wp:featuredmedia":[{"embeddable":true,"href":"https:\/\/www.almargenweb.com.ar\/web\/wp-json\/wp\/v2\/media\/36925"}],"wp:attachment":[{"href":"https:\/\/www.almargenweb.com.ar\/web\/wp-json\/wp\/v2\/media?parent=36923"}],"wp:term":[{"taxonomy":"category","embeddable":true,"href":"https:\/\/www.almargenweb.com.ar\/web\/wp-json\/wp\/v2\/categories?post=36923"},{"taxonomy":"post_tag","embeddable":true,"href":"https:\/\/www.almargenweb.com.ar\/web\/wp-json\/wp\/v2\/tags?post=36923"}],"curies":[{"name":"wp","href":"https:\/\/api.w.org\/{rel}","templated":true}]}}