{"id":36919,"date":"2022-03-09T15:29:18","date_gmt":"2022-03-09T18:29:18","guid":{"rendered":"http:\/\/www.almargenweb.com.ar\/web\/?p=36919"},"modified":"2022-03-09T15:29:19","modified_gmt":"2022-03-09T18:29:19","slug":"rescatan-animales-autoctonos-para-llevarlos-a-otras-zonas-tras-incendios-en-corrientes","status":"publish","type":"post","link":"https:\/\/www.almargenweb.com.ar\/web\/rescatan-animales-autoctonos-para-llevarlos-a-otras-zonas-tras-incendios-en-corrientes\/","title":{"rendered":"Rescatan animales aut\u00f3ctonos para llevarlos a otras zonas tras incendios en Corrientes"},"content":{"rendered":"\n<p>La Brigada de Control Ambiental (BCA) del Ministerio de Ambiente de la Naci\u00f3n realiza tareas de rescate de los animales en Corrientes, cuyo h\u00e1bitat qued\u00f3 destruido tras los incendios.<\/p>\n\n\n\n<p>La cartera ambiental precis\u00f3 adem\u00e1s que entre las especies rescatadas est\u00e1n el curiy\u00fa (Eunectes notaeus), ciervo, carpincho y yacar\u00e9, mientras que los animales que sobrevivieron son llevados a la localidad de Santo Tom\u00e9, donde funciona un centro de alojamiento de estas especies y en el que trabajan en forma conjunta la BCA, la Cruz Roja y el Ej\u00e9rcito.<\/p>\n\n\n\n<p>Las especies rescatadas son trasladadas a lugares con nichos ecol\u00f3gicos que no fueron afectados por los focos \u00edgneos, para su recuperaci\u00f3n.<\/p>\n\n\n\n<p><\/p>\n<!-- AddThis Advanced Settings generic via filter on the_content --><!-- AddThis Share Buttons generic via filter on the_content -->","protected":false},"excerpt":{"rendered":"<p>La Brigada de Control Ambiental (BCA) del Ministerio de Ambiente de la Naci\u00f3n realiza tareas de [&hellip;]<!-- AddThis Advanced Settings generic via filter on get_the_excerpt --><!-- AddThis Share Buttons generic via filter on get_the_excerpt --><\/p>\n","protected":false},"author":16,"featured_media":36921,"comment_status":"open","ping_status":"open","sticky":false,"template":"","format":"standard","meta":{"_seopress_robots_primary_cat":"none","_seopress_titles_title":"","_seopress_titles_desc":"","_seopress_robots_index":"","_themeisle_gutenberg_block_has_review":false,"footnotes":""},"categories":[2,164,140,15],"tags":[],"class_list":["post-36919","post","type-post","status-publish","format-standard","has-post-thumbnail","hentry","category-actualidad","category-ambiente","category-nacionales","category-salud"],"_links":{"self":[{"href":"https:\/\/www.almargenweb.com.ar\/web\/wp-json\/wp\/v2\/posts\/36919","targetHints":{"allow":["GET"]}}],"collection":[{"href":"https:\/\/www.almargenweb.com.ar\/web\/wp-json\/wp\/v2\/posts"}],"about":[{"href":"https:\/\/www.almargenweb.com.ar\/web\/wp-json\/wp\/v2\/types\/post"}],"author":[{"embeddable":true,"href":"https:\/\/www.almargenweb.com.ar\/web\/wp-json\/wp\/v2\/users\/16"}],"replies":[{"embeddable":true,"href":"https:\/\/www.almargenweb.com.ar\/web\/wp-json\/wp\/v2\/comments?post=36919"}],"version-history":[{"count":1,"href":"https:\/\/www.almargenweb.com.ar\/web\/wp-json\/wp\/v2\/posts\/36919\/revisions"}],"predecessor-version":[{"id":36922,"href":"https:\/\/www.almargenweb.com.ar\/web\/wp-json\/wp\/v2\/posts\/36919\/revisions\/36922"}],"wp:featuredmedia":[{"embeddable":true,"href":"https:\/\/www.almargenweb.com.ar\/web\/wp-json\/wp\/v2\/media\/36921"}],"wp:attachment":[{"href":"https:\/\/www.almargenweb.com.ar\/web\/wp-json\/wp\/v2\/media?parent=36919"}],"wp:term":[{"taxonomy":"category","embeddable":true,"href":"https:\/\/www.almargenweb.com.ar\/web\/wp-json\/wp\/v2\/categories?post=36919"},{"taxonomy":"post_tag","embeddable":true,"href":"https:\/\/www.almargenweb.com.ar\/web\/wp-json\/wp\/v2\/tags?post=36919"}],"curies":[{"name":"wp","href":"https:\/\/api.w.org\/{rel}","templated":true}]}}