{"id":36915,"date":"2022-03-09T13:02:40","date_gmt":"2022-03-09T16:02:40","guid":{"rendered":"http:\/\/www.almargenweb.com.ar\/web\/?p=36915"},"modified":"2022-03-09T13:02:41","modified_gmt":"2022-03-09T16:02:41","slug":"la-comuna-de-san-carlos-sud-hizo-entrega-de-escrituras-de-planes-de-viviendas","status":"publish","type":"post","link":"https:\/\/www.almargenweb.com.ar\/web\/la-comuna-de-san-carlos-sud-hizo-entrega-de-escrituras-de-planes-de-viviendas\/","title":{"rendered":"La Comuna de San Carlos Sud hizo entrega de escrituras de planes de viviendas"},"content":{"rendered":"\n<p>D\u00edas atr\u00e1s en la Sede Comunal, de la vecina localidad de San carlos Sud,  la Dra. Florencia Primo recibi\u00f3 a autoridades de la Provincia de Santa, para proceder a la firma de las escrituras de 2 viviendas pertenecientes a familias de la localidad.<\/p>\n\n\n\n<p>En dicha oportunidad, la Presidenta Comunal realiz\u00f3 el reclamo de las escrituras que a\u00fan faltan firmar. Primo aseguro que seguir\u00e1 solicit\u00e1ndolo hasta que ello logre concretarse.<\/p>\n<!-- AddThis Advanced Settings generic via filter on the_content --><!-- AddThis Share Buttons generic via filter on the_content -->","protected":false},"excerpt":{"rendered":"<p>D\u00edas atr\u00e1s en la Sede Comunal, de la vecina localidad de San carlos Sud, la Dra. [&hellip;]<!-- AddThis Advanced Settings generic via filter on get_the_excerpt --><!-- AddThis Share Buttons generic via filter on get_the_excerpt --><\/p>\n","protected":false},"author":16,"featured_media":36917,"comment_status":"open","ping_status":"open","sticky":false,"template":"","format":"standard","meta":{"_seopress_robots_primary_cat":"none","_seopress_titles_title":"","_seopress_titles_desc":"","_seopress_robots_index":"","_themeisle_gutenberg_block_has_review":false,"footnotes":""},"categories":[2,164,20,21,9,29],"tags":[],"class_list":["post-36915","post","type-post","status-publish","format-standard","has-post-thumbnail","hentry","category-actualidad","category-ambiente","category-departamentales","category-las-colonias","category-politica","category-regionales"],"_links":{"self":[{"href":"https:\/\/www.almargenweb.com.ar\/web\/wp-json\/wp\/v2\/posts\/36915","targetHints":{"allow":["GET"]}}],"collection":[{"href":"https:\/\/www.almargenweb.com.ar\/web\/wp-json\/wp\/v2\/posts"}],"about":[{"href":"https:\/\/www.almargenweb.com.ar\/web\/wp-json\/wp\/v2\/types\/post"}],"author":[{"embeddable":true,"href":"https:\/\/www.almargenweb.com.ar\/web\/wp-json\/wp\/v2\/users\/16"}],"replies":[{"embeddable":true,"href":"https:\/\/www.almargenweb.com.ar\/web\/wp-json\/wp\/v2\/comments?post=36915"}],"version-history":[{"count":1,"href":"https:\/\/www.almargenweb.com.ar\/web\/wp-json\/wp\/v2\/posts\/36915\/revisions"}],"predecessor-version":[{"id":36918,"href":"https:\/\/www.almargenweb.com.ar\/web\/wp-json\/wp\/v2\/posts\/36915\/revisions\/36918"}],"wp:featuredmedia":[{"embeddable":true,"href":"https:\/\/www.almargenweb.com.ar\/web\/wp-json\/wp\/v2\/media\/36917"}],"wp:attachment":[{"href":"https:\/\/www.almargenweb.com.ar\/web\/wp-json\/wp\/v2\/media?parent=36915"}],"wp:term":[{"taxonomy":"category","embeddable":true,"href":"https:\/\/www.almargenweb.com.ar\/web\/wp-json\/wp\/v2\/categories?post=36915"},{"taxonomy":"post_tag","embeddable":true,"href":"https:\/\/www.almargenweb.com.ar\/web\/wp-json\/wp\/v2\/tags?post=36915"}],"curies":[{"name":"wp","href":"https:\/\/api.w.org\/{rel}","templated":true}]}}