{"id":36911,"date":"2022-03-09T11:46:19","date_gmt":"2022-03-09T14:46:19","guid":{"rendered":"http:\/\/www.almargenweb.com.ar\/web\/?p=36911"},"modified":"2022-03-09T11:46:20","modified_gmt":"2022-03-09T14:46:20","slug":"el-precio-de-los-alimentos-sigue-acumulando-presion-por-la-imparable-cotizacion-de-los-granos","status":"publish","type":"post","link":"https:\/\/www.almargenweb.com.ar\/web\/el-precio-de-los-alimentos-sigue-acumulando-presion-por-la-imparable-cotizacion-de-los-granos\/","title":{"rendered":"El precio de los alimentos sigue acumulando presi\u00f3n por la imparable cotizaci\u00f3n de los granos"},"content":{"rendered":"\n<p>La alerta es total y la reacci\u00f3n, por el momento, casi inexistente. El impacto del salto en el precio de las commodities, empieza a pegar de lleno en el precio de los alimentos y, con mayor incidencia, en las zonas m\u00e1s vulnerables.<\/p>\n\n\n\n<p>El pr\u00f3ximo martes, el Indec dar\u00e1 a conocer el \u00edndice de inflaci\u00f3n del mes pasado, que consultoras privadas ubican en torno al 4%, con un avance del precio de los alimentos por encima de ese registro en al menos un 1 punto porcentual.<\/p>\n\n\n\n<p>Los precios de los alimentos b\u00e1sicos, que escapan a los controles oficiales en los comercios de cercan\u00eda de los barrios populares, anotaron un incremento de 9,8% en febrero.<\/p>\n\n\n\n<p>Este indicador,  suele arrojar una cifra m\u00e1s alta que el dato oficial del Indec porque, precisamente, no promedia con los precios de los productos que integran la canasta de Precios Cuidados que se comercializan en las grandes superficies de venta. <\/p>\n\n\n\n<p>Es decir que no mide en los supermercados, donde la suba queda mitigada por las iniciativas de control, sino s\u00f3lo en los peque\u00f1os y medianos comercios donde los programas que impulsa la Secretar\u00eda de Comercio, a cargo de Roberto Feletti.<\/p>\n\n\n\n<p>Esos registros no capturan el pleno efecto de la fenomenal suba del trigo, que ayer cerr\u00f3 en USD 475 la tonelada y que ya provoc\u00f3 un aumento de 40% en la suba de la harina.<\/p>\n\n\n\n<p><\/p>\n<!-- AddThis Advanced Settings generic via filter on the_content --><!-- AddThis Share Buttons generic via filter on the_content -->","protected":false},"excerpt":{"rendered":"<p>La alerta es total y la reacci\u00f3n, por el momento, casi inexistente. El impacto del salto [&hellip;]<!-- AddThis Advanced Settings generic via filter on get_the_excerpt --><!-- AddThis Share Buttons generic via filter on get_the_excerpt --><\/p>\n","protected":false},"author":16,"featured_media":36913,"comment_status":"open","ping_status":"open","sticky":false,"template":"","format":"standard","meta":{"_seopress_robots_primary_cat":"none","_seopress_titles_title":"","_seopress_titles_desc":"","_seopress_robots_index":"","_themeisle_gutenberg_block_has_review":false,"footnotes":""},"categories":[2,164,5,140,9],"tags":[],"class_list":["post-36911","post","type-post","status-publish","format-standard","has-post-thumbnail","hentry","category-actualidad","category-ambiente","category-economia","category-nacionales","category-politica"],"_links":{"self":[{"href":"https:\/\/www.almargenweb.com.ar\/web\/wp-json\/wp\/v2\/posts\/36911","targetHints":{"allow":["GET"]}}],"collection":[{"href":"https:\/\/www.almargenweb.com.ar\/web\/wp-json\/wp\/v2\/posts"}],"about":[{"href":"https:\/\/www.almargenweb.com.ar\/web\/wp-json\/wp\/v2\/types\/post"}],"author":[{"embeddable":true,"href":"https:\/\/www.almargenweb.com.ar\/web\/wp-json\/wp\/v2\/users\/16"}],"replies":[{"embeddable":true,"href":"https:\/\/www.almargenweb.com.ar\/web\/wp-json\/wp\/v2\/comments?post=36911"}],"version-history":[{"count":1,"href":"https:\/\/www.almargenweb.com.ar\/web\/wp-json\/wp\/v2\/posts\/36911\/revisions"}],"predecessor-version":[{"id":36914,"href":"https:\/\/www.almargenweb.com.ar\/web\/wp-json\/wp\/v2\/posts\/36911\/revisions\/36914"}],"wp:featuredmedia":[{"embeddable":true,"href":"https:\/\/www.almargenweb.com.ar\/web\/wp-json\/wp\/v2\/media\/36913"}],"wp:attachment":[{"href":"https:\/\/www.almargenweb.com.ar\/web\/wp-json\/wp\/v2\/media?parent=36911"}],"wp:term":[{"taxonomy":"category","embeddable":true,"href":"https:\/\/www.almargenweb.com.ar\/web\/wp-json\/wp\/v2\/categories?post=36911"},{"taxonomy":"post_tag","embeddable":true,"href":"https:\/\/www.almargenweb.com.ar\/web\/wp-json\/wp\/v2\/tags?post=36911"}],"curies":[{"name":"wp","href":"https:\/\/api.w.org\/{rel}","templated":true}]}}